{"id":4399,"date":"2026-09-06T17:00:00","date_gmt":"2026-09-06T15:00:00","guid":{"rendered":"https:\/\/sv-koerne83.de\/wordpress\/?p=4399"},"modified":"2026-09-04T13:07:01","modified_gmt":"2026-09-04T11:07:01","slug":"save-the-date-freitagabend-topspiel-auswaerts","status":"publish","type":"post","link":"https:\/\/sv-koerne83.de\/wordpress\/2026\/09\/06\/save-the-date-freitagabend-topspiel-auswaerts\/","title":{"rendered":"SAVE THE DATE \u2013 FREITAGABEND. TOPSPIEL. AUSW\u00c4RTS."},"content":{"rendered":"\n<p>Am Freitag wartet das erste echte Freitagabend-Topspiel der neuen Medical4You-Liga auf unsere 1. Mannschaft! <\/p>\n\n\n\n<p>Unsere Jungs sind zu Gast beim SuS Oespel-Kley \u2013 und daf\u00fcr brauchen wir eure Unterst\u00fctzung!<\/p>\n\n\n\n<p>\ud83d\udccd SuS Oespel-Kley vs. SV K\u00f6rne 83<br>\ud83d\udcc5 Freitag, 11.09.2026<br>\u23f0 Ansto\u00df: 19:00 Uhr<br>\ud83c\udfdf\ufe0f Sportplatz im Dorney<br>\ud83c\udf9f\ufe0f Eintritt Erwachsene: 5 \u20ac<\/p>\n\n\n\n<p>Wir wollen den Dorney gemeinsam mit euch f\u00fcllen! Egal ob Alte Herren, Senioren, Jugendspieler, Trainer, Eltern, Freunde oder Fans \u2013 kommt vorbei und unterst\u00fctzt unsere 1. Mannschaft bei diesem besonderen Freitagabendspiel! \u2764\ufe0f\ud83d\udc99<\/p>\n\n\n\n<p>Lasst uns gemeinsam zeigen, was den SV K\u00f6rne ausmacht und unseren Jungs mit einer gro\u00dfen K\u00f6rner Unterst\u00fctzung den R\u00fccken st\u00e4rken! <\/p>\n\n\n\n<p>Also: Freitagabend freihalten \u2013 wir sehen uns im Dorney! \u2764\ufe0f\ud83d\udc99<\/p>\n","protected":false},"excerpt":{"rendered":"<p>Am Freitag wartet das erste echte Freitagabend-Topspiel der neuen Medical4You-Liga auf unsere 1. Mannschaft! Unsere Jungs sind zu Gast beim SuS Oespel-Kley \u2013 und daf\u00fcr brauchen wir eure Unterst\u00fctzung! \ud83d\udccd [&hellip;]<\/p>\n","protected":false},"author":2,"featured_media":4400,"comment_status":"closed","ping_status":"open","sticky":false,"template":"","format":"standard","meta":{"_jetpack_memberships_contains_paid_content":false,"footnotes":""},"categories":[1],"tags":[],"class_list":["post-4399","post","type-post","status-publish","format-standard","has-post-thumbnail","hentry","category-allgemein"],"jetpack_sharing_enabled":true,"jetpack_featured_media_url":"https:\/\/sv-koerne83.de\/wordpress\/wp-content\/uploads\/2026\/09\/SVK_Spieltagsankuendigung_2026_2027_Erste_Oespel-scaled.jpg","_links":{"self":[{"href":"https:\/\/sv-koerne83.de\/wordpress\/wp-json\/wp\/v2\/posts\/4399","targetHints":{"allow":["GET"]}}],"collection":[{"href":"https:\/\/sv-koerne83.de\/wordpress\/wp-json\/wp\/v2\/posts"}],"about":[{"href":"https:\/\/sv-koerne83.de\/wordpress\/wp-json\/wp\/v2\/types\/post"}],"author":[{"embeddable":true,"href":"https:\/\/sv-koerne83.de\/wordpress\/wp-json\/wp\/v2\/users\/2"}],"replies":[{"embeddable":true,"href":"https:\/\/sv-koerne83.de\/wordpress\/wp-json\/wp\/v2\/comments?post=4399"}],"version-history":[{"count":1,"href":"https:\/\/sv-koerne83.de\/wordpress\/wp-json\/wp\/v2\/posts\/4399\/revisions"}],"predecessor-version":[{"id":4401,"href":"https:\/\/sv-koerne83.de\/wordpress\/wp-json\/wp\/v2\/posts\/4399\/revisions\/4401"}],"wp:featuredmedia":[{"embeddable":true,"href":"https:\/\/sv-koerne83.de\/wordpress\/wp-json\/wp\/v2\/media\/4400"}],"wp:attachment":[{"href":"https:\/\/sv-koerne83.de\/wordpress\/wp-json\/wp\/v2\/media?parent=4399"}],"wp:term":[{"taxonomy":"category","embeddable":true,"href":"https:\/\/sv-koerne83.de\/wordpress\/wp-json\/wp\/v2\/categories?post=4399"},{"taxonomy":"post_tag","embeddable":true,"href":"https:\/\/sv-koerne83.de\/wordpress\/wp-json\/wp\/v2\/tags?post=4399"}],"curies":[{"name":"wp","href":"https:\/\/api.w.org\/{rel}","templated":true}]}}