{"id":454,"date":"2019-07-31T10:00:24","date_gmt":"2019-07-31T08:00:24","guid":{"rendered":"https:\/\/sv-koerne83.de\/wordpress\/?p=454"},"modified":"2019-07-29T09:59:58","modified_gmt":"2019-07-29T07:59:58","slug":"koerner-treff-2019","status":"publish","type":"post","link":"https:\/\/sv-koerne83.de\/wordpress\/2019\/07\/31\/koerner-treff-2019\/","title":{"rendered":"K\u00f6rner Treff 2019"},"content":{"rendered":"\n<p>An diesem Wochenende findet die 36. Auflage des K\u00f6rner Treff statt. Am K\u00f6rner Hellweg 74 (hinter dem \u00c4rztehaus) haben die Organisatoren ein buntes Programm auf die Beine gestellt. Am Freitag, den 2.8.2019, wird der diesj\u00e4hrige K\u00f6rner Treff um 19.00 Uhr er\u00f6ffnet. Von 19.30 &#8211; 23.00 Uhr sorgen DJ Diego und Tasha f\u00fcr die musikalische Unterst\u00fctzung. Am Samstag, den 3.8.2019, startet das Programm ab 14.00 Uhr. DJ Ralf sorgt hier f\u00fcr gute Stimmung. Um 15.00 Uhr findet ein Tr\u00f6delmarkt statt. Ab 20.00 Uhr wird die Travestie Ikone Antonella Rossi auf der B\u00fchne ihr Programm preisgeben. An beiden Tagen ist selbstverst\u00e4ndlich f\u00fcr Essen und Trinken gesorgt.<\/p>\n\n\n\n<figure class=\"wp-block-image\"><img loading=\"lazy\" decoding=\"async\" width=\"576\" height=\"1024\" src=\"https:\/\/sv-koerne83.de\/wordpress\/wp-content\/uploads\/2019\/07\/65813005_1161704394016901_4602932741934153728_o-576x1024.jpg\" alt=\"\" class=\"wp-image-159\" srcset=\"https:\/\/sv-koerne83.de\/wordpress\/wp-content\/uploads\/2019\/07\/65813005_1161704394016901_4602932741934153728_o-576x1024.jpg 576w, https:\/\/sv-koerne83.de\/wordpress\/wp-content\/uploads\/2019\/07\/65813005_1161704394016901_4602932741934153728_o-169x300.jpg 169w, https:\/\/sv-koerne83.de\/wordpress\/wp-content\/uploads\/2019\/07\/65813005_1161704394016901_4602932741934153728_o-768x1366.jpg 768w, https:\/\/sv-koerne83.de\/wordpress\/wp-content\/uploads\/2019\/07\/65813005_1161704394016901_4602932741934153728_o-72x128.jpg 72w, https:\/\/sv-koerne83.de\/wordpress\/wp-content\/uploads\/2019\/07\/65813005_1161704394016901_4602932741934153728_o-18x32.jpg 18w, https:\/\/sv-koerne83.de\/wordpress\/wp-content\/uploads\/2019\/07\/65813005_1161704394016901_4602932741934153728_o.jpg 1133w\" sizes=\"auto, (max-width: 576px) 100vw, 576px\" \/><\/figure>\n","protected":false},"excerpt":{"rendered":"<p>An diesem Wochenende findet die 36. Auflage des K\u00f6rner Treff statt. Am K\u00f6rner Hellweg 74 (hinter dem \u00c4rztehaus) haben die Organisatoren ein buntes Programm auf die Beine gestellt. Am Freitag, [&hellip;]<\/p>\n","protected":false},"author":2,"featured_media":453,"comment_status":"closed","ping_status":"open","sticky":false,"template":"","format":"standard","meta":{"_jetpack_memberships_contains_paid_content":false,"footnotes":""},"categories":[1],"tags":[],"class_list":["post-454","post","type-post","status-publish","format-standard","has-post-thumbnail","hentry","category-allgemein"],"jetpack_sharing_enabled":true,"jetpack_featured_media_url":"https:\/\/sv-koerne83.de\/wordpress\/wp-content\/uploads\/2019\/07\/festival-58293_1920.jpg","_links":{"self":[{"href":"https:\/\/sv-koerne83.de\/wordpress\/wp-json\/wp\/v2\/posts\/454","targetHints":{"allow":["GET"]}}],"collection":[{"href":"https:\/\/sv-koerne83.de\/wordpress\/wp-json\/wp\/v2\/posts"}],"about":[{"href":"https:\/\/sv-koerne83.de\/wordpress\/wp-json\/wp\/v2\/types\/post"}],"author":[{"embeddable":true,"href":"https:\/\/sv-koerne83.de\/wordpress\/wp-json\/wp\/v2\/users\/2"}],"replies":[{"embeddable":true,"href":"https:\/\/sv-koerne83.de\/wordpress\/wp-json\/wp\/v2\/comments?post=454"}],"version-history":[{"count":1,"href":"https:\/\/sv-koerne83.de\/wordpress\/wp-json\/wp\/v2\/posts\/454\/revisions"}],"predecessor-version":[{"id":455,"href":"https:\/\/sv-koerne83.de\/wordpress\/wp-json\/wp\/v2\/posts\/454\/revisions\/455"}],"wp:featuredmedia":[{"embeddable":true,"href":"https:\/\/sv-koerne83.de\/wordpress\/wp-json\/wp\/v2\/media\/453"}],"wp:attachment":[{"href":"https:\/\/sv-koerne83.de\/wordpress\/wp-json\/wp\/v2\/media?parent=454"}],"wp:term":[{"taxonomy":"category","embeddable":true,"href":"https:\/\/sv-koerne83.de\/wordpress\/wp-json\/wp\/v2\/categories?post=454"},{"taxonomy":"post_tag","embeddable":true,"href":"https:\/\/sv-koerne83.de\/wordpress\/wp-json\/wp\/v2\/tags?post=454"}],"curies":[{"name":"wp","href":"https:\/\/api.w.org\/{rel}","templated":true}]}}