{"id":546,"date":"2019-08-02T09:30:07","date_gmt":"2019-08-02T07:30:07","guid":{"rendered":"https:\/\/sv-koerne83.de\/wordpress\/?p=546"},"modified":"2019-07-31T10:27:11","modified_gmt":"2019-07-31T08:27:11","slug":"generalprobe","status":"publish","type":"post","link":"https:\/\/sv-koerne83.de\/wordpress\/2019\/08\/02\/generalprobe\/","title":{"rendered":"Generalprobe"},"content":{"rendered":"\n<p>An diesem Wochenende finden die letzten Testspiele vor dem ersten Meisterschaftsspiel statt. Die 1. und 2. Mannschaft werden sich noch einmal mit starken Gegnern messen, um f\u00fcr den Saisonstart gewappnet zu sein. <\/p>\n\n\n\n<p>Die 2. Mannschaft spielt gegen den VfB L\u00fcnen II. Die Mannschaft aus L\u00fcnen-S\u00fcd belegte in der letzten Saison in der Kreisliga B3 den 12. Tabellenplatz. Ansto\u00df auf der Sportanlage Dammwiese (Karl-Kiehm-Weg, L\u00fcnen) ist um 13.00 Uhr. Geleitet wird die Partie vom Schiedsrichter Krystian Thomann.<\/p>\n\n\n\n<p>Die 1. Mannschaft empf\u00e4ngt den VfR Kirchlinde. Die Kirchlinder schafften in der abgelaufenen Saison souver\u00e4n den Aufstieg in die Kreisliga A. Ansto\u00df am Winkelriedweg ist um 15.00 Uhr. Geleitet wird die Partie vom Schiedsrichter Lars Evers.<\/p>\n","protected":false},"excerpt":{"rendered":"<p>An diesem Wochenende finden die letzten Testspiele vor dem ersten Meisterschaftsspiel statt. Die 1. und 2. Mannschaft werden sich noch einmal mit starken Gegnern messen, um f\u00fcr den Saisonstart gewappnet [&hellip;]<\/p>\n","protected":false},"author":2,"featured_media":571,"comment_status":"closed","ping_status":"open","sticky":false,"template":"","format":"standard","meta":{"_jetpack_memberships_contains_paid_content":false,"footnotes":""},"categories":[30,31,1],"tags":[],"class_list":["post-546","post","type-post","status-publish","format-standard","has-post-thumbnail","hentry","category-1-mannschaft","category-2-mannschaft","category-allgemein"],"jetpack_sharing_enabled":true,"jetpack_featured_media_url":"https:\/\/sv-koerne83.de\/wordpress\/wp-content\/uploads\/2019\/07\/football-3493024_1920.jpg","_links":{"self":[{"href":"https:\/\/sv-koerne83.de\/wordpress\/wp-json\/wp\/v2\/posts\/546","targetHints":{"allow":["GET"]}}],"collection":[{"href":"https:\/\/sv-koerne83.de\/wordpress\/wp-json\/wp\/v2\/posts"}],"about":[{"href":"https:\/\/sv-koerne83.de\/wordpress\/wp-json\/wp\/v2\/types\/post"}],"author":[{"embeddable":true,"href":"https:\/\/sv-koerne83.de\/wordpress\/wp-json\/wp\/v2\/users\/2"}],"replies":[{"embeddable":true,"href":"https:\/\/sv-koerne83.de\/wordpress\/wp-json\/wp\/v2\/comments?post=546"}],"version-history":[{"count":2,"href":"https:\/\/sv-koerne83.de\/wordpress\/wp-json\/wp\/v2\/posts\/546\/revisions"}],"predecessor-version":[{"id":572,"href":"https:\/\/sv-koerne83.de\/wordpress\/wp-json\/wp\/v2\/posts\/546\/revisions\/572"}],"wp:featuredmedia":[{"embeddable":true,"href":"https:\/\/sv-koerne83.de\/wordpress\/wp-json\/wp\/v2\/media\/571"}],"wp:attachment":[{"href":"https:\/\/sv-koerne83.de\/wordpress\/wp-json\/wp\/v2\/media?parent=546"}],"wp:term":[{"taxonomy":"category","embeddable":true,"href":"https:\/\/sv-koerne83.de\/wordpress\/wp-json\/wp\/v2\/categories?post=546"},{"taxonomy":"post_tag","embeddable":true,"href":"https:\/\/sv-koerne83.de\/wordpress\/wp-json\/wp\/v2\/tags?post=546"}],"curies":[{"name":"wp","href":"https:\/\/api.w.org\/{rel}","templated":true}]}}