{"id":588,"date":"2019-08-02T07:42:33","date_gmt":"2019-08-02T05:42:33","guid":{"rendered":"https:\/\/sv-koerne83.de\/wordpress\/?p=588"},"modified":"2019-08-02T07:42:33","modified_gmt":"2019-08-02T05:42:33","slug":"arbeitssieg-in-brambauer","status":"publish","type":"post","link":"https:\/\/sv-koerne83.de\/wordpress\/2019\/08\/02\/arbeitssieg-in-brambauer\/","title":{"rendered":"Arbeitssieg in Brambauer"},"content":{"rendered":"\n<p>Die 1. Mannschaft musste am gestrigen Abend an ihre Grenzen gehen, um einen Sieg in der 1. Pokalrunde zu erreichen. Die Mannschaft von Trainer Viktor Pusch tat sich gerade zu Spielbeginn auf dem ungewohnten Belag schwer. Viele technische Fehler f\u00fchrten dazu, dass der FC Brambauer am Spielgeschehen teilnehmen konnte. In der 6. Minute gelang dem Gastgeber die 1:0 F\u00fchrung. Einige herausgespielte Chancen seitens der K\u00f6rner konnten nicht verwertet werden, so ging es mit einem 1:0 R\u00fcckstand in die Pause. <\/p>\n\n\n\n<p>In der zweiten Halbzeit fand die 1. Mannschaft besser ins Spiel und war von der ersten Minute an spielbestimmend. Belohnt wurde das Team in der 50. Minute als Azad Moazen, nach einer Standardsituation, den Ball zum 1:1 ins gegnerische Tor k\u00f6pfte. Die Gegenwehr des Gegners war nun gebrochen, jedoch k\u00e4mpften die K\u00f6rner immer wieder mit den schwierigen Platzverh\u00e4ltnissen. Einen sehenswerten Angriff konnte das Team von Viktor Pusch noch positiv abschlie\u00dfen und so war es Robin Porps der mit seinem 2:1 das Tor zur n\u00e4chsten Pokalrunde aufstie\u00df.<\/p>\n\n\n\n<p>In der n\u00e4chsten Runde wartet TuRa Asseln auf die 1. Mannschaft.    <\/p>\n","protected":false},"excerpt":{"rendered":"<p>Die 1. Mannschaft musste am gestrigen Abend an ihre Grenzen gehen, um einen Sieg in der 1. Pokalrunde zu erreichen. Die Mannschaft von Trainer Viktor Pusch tat sich gerade zu [&hellip;]<\/p>\n","protected":false},"author":2,"featured_media":587,"comment_status":"closed","ping_status":"open","sticky":false,"template":"","format":"standard","meta":{"_jetpack_memberships_contains_paid_content":false,"footnotes":""},"categories":[30,1],"tags":[],"class_list":["post-588","post","type-post","status-publish","format-standard","has-post-thumbnail","hentry","category-1-mannschaft","category-allgemein"],"jetpack_sharing_enabled":true,"jetpack_featured_media_url":"https:\/\/sv-koerne83.de\/wordpress\/wp-content\/uploads\/2019\/08\/6a980bf1-394f-4097-975b-23dd2dc486ab.jpg","_links":{"self":[{"href":"https:\/\/sv-koerne83.de\/wordpress\/wp-json\/wp\/v2\/posts\/588","targetHints":{"allow":["GET"]}}],"collection":[{"href":"https:\/\/sv-koerne83.de\/wordpress\/wp-json\/wp\/v2\/posts"}],"about":[{"href":"https:\/\/sv-koerne83.de\/wordpress\/wp-json\/wp\/v2\/types\/post"}],"author":[{"embeddable":true,"href":"https:\/\/sv-koerne83.de\/wordpress\/wp-json\/wp\/v2\/users\/2"}],"replies":[{"embeddable":true,"href":"https:\/\/sv-koerne83.de\/wordpress\/wp-json\/wp\/v2\/comments?post=588"}],"version-history":[{"count":2,"href":"https:\/\/sv-koerne83.de\/wordpress\/wp-json\/wp\/v2\/posts\/588\/revisions"}],"predecessor-version":[{"id":590,"href":"https:\/\/sv-koerne83.de\/wordpress\/wp-json\/wp\/v2\/posts\/588\/revisions\/590"}],"wp:featuredmedia":[{"embeddable":true,"href":"https:\/\/sv-koerne83.de\/wordpress\/wp-json\/wp\/v2\/media\/587"}],"wp:attachment":[{"href":"https:\/\/sv-koerne83.de\/wordpress\/wp-json\/wp\/v2\/media?parent=588"}],"wp:term":[{"taxonomy":"category","embeddable":true,"href":"https:\/\/sv-koerne83.de\/wordpress\/wp-json\/wp\/v2\/categories?post=588"},{"taxonomy":"post_tag","embeddable":true,"href":"https:\/\/sv-koerne83.de\/wordpress\/wp-json\/wp\/v2\/tags?post=588"}],"curies":[{"name":"wp","href":"https:\/\/api.w.org\/{rel}","templated":true}]}}