{"id":592,"date":"2019-08-05T10:01:04","date_gmt":"2019-08-05T08:01:04","guid":{"rendered":"https:\/\/sv-koerne83.de\/wordpress\/?p=592"},"modified":"2019-08-05T10:01:04","modified_gmt":"2019-08-05T08:01:04","slug":"positive-generalprobe","status":"publish","type":"post","link":"https:\/\/sv-koerne83.de\/wordpress\/2019\/08\/05\/positive-generalprobe\/","title":{"rendered":"Positive Generalprobe"},"content":{"rendered":"\n<p>Die letzten Testspiele der Saisonvorbereitung sind gelaufen und sowohl die 1. als auch die 2. Mannschaft kamen ohne Niederlage durch das Testspielwochenende.<\/p>\n\n\n\n<p>Die 1. Mannschaft empfing den H\u00f6rder SC. Da der VfR Kirchlinde kurzfristig das geplante Spiel absagte, sprang der A-Ligist aus H\u00f6rde kurzerhand ein. F\u00fcr die Mannschaft von Trainer Viktor Pusch startete das Spiel sehr gut. Tim Exner brachte das Team mit einem Doppelpack bereits nach 15 Minuten mit 2:0 in Front. Danach verlor die 1. Mannschaft jedoch den Zugriff auf das Spiel und musste die F\u00fchrung noch vor der Halbzeitpause abgeben und lag mit 2:3 hinten. Nach der Pause war die Mannschaft spielbestimmend, konnte sich jedoch keine richtigen Torchancen herausspielen. Erst in der 90. Minute traf Marc Grabemann zum 3:3 Ausgleich.<\/p>\n\n\n\n<p>Die 2. Mannschaft gewann ihr Testspiel beim VfB L\u00fcnen II mit 5:2. Jan Schock brachte das Team vom Trainerduo Gruhn\/Sopar in der 7. Minute mit 1:0 in F\u00fchrung. Fabian Wangerowski und Falco Lieschke erh\u00f6hten auf 2:0 und 3:0. Vor der Pause konnten die S\u00fcder noch auf 3:1 verk\u00fcrzen. Nach der Pause war es erneut Falco Lieschke der den alten 3 Torevorsprung wiederherstellten. Der VfB L\u00fcnen konnte nochmal auf 4:2 verk\u00fcrzen, jedoch setzte Deniz Serdar mit seinem Tor zum 5:2 den Schlusspunkt in diesem Spiel.<br><\/p>\n","protected":false},"excerpt":{"rendered":"<p>Die letzten Testspiele der Saisonvorbereitung sind gelaufen und sowohl die 1. als auch die 2. Mannschaft kamen ohne Niederlage durch das Testspielwochenende. Die 1. Mannschaft empfing den H\u00f6rder SC. Da [&hellip;]<\/p>\n","protected":false},"author":2,"featured_media":593,"comment_status":"closed","ping_status":"open","sticky":false,"template":"","format":"standard","meta":{"_jetpack_memberships_contains_paid_content":false,"footnotes":""},"categories":[30,31,1],"tags":[],"class_list":["post-592","post","type-post","status-publish","format-standard","has-post-thumbnail","hentry","category-1-mannschaft","category-2-mannschaft","category-allgemein"],"jetpack_sharing_enabled":true,"jetpack_featured_media_url":"https:\/\/sv-koerne83.de\/wordpress\/wp-content\/uploads\/2019\/08\/2600FD29-C8DA-4D24-94D6-53CC7A0DDFED.jpeg","_links":{"self":[{"href":"https:\/\/sv-koerne83.de\/wordpress\/wp-json\/wp\/v2\/posts\/592","targetHints":{"allow":["GET"]}}],"collection":[{"href":"https:\/\/sv-koerne83.de\/wordpress\/wp-json\/wp\/v2\/posts"}],"about":[{"href":"https:\/\/sv-koerne83.de\/wordpress\/wp-json\/wp\/v2\/types\/post"}],"author":[{"embeddable":true,"href":"https:\/\/sv-koerne83.de\/wordpress\/wp-json\/wp\/v2\/users\/2"}],"replies":[{"embeddable":true,"href":"https:\/\/sv-koerne83.de\/wordpress\/wp-json\/wp\/v2\/comments?post=592"}],"version-history":[{"count":1,"href":"https:\/\/sv-koerne83.de\/wordpress\/wp-json\/wp\/v2\/posts\/592\/revisions"}],"predecessor-version":[{"id":594,"href":"https:\/\/sv-koerne83.de\/wordpress\/wp-json\/wp\/v2\/posts\/592\/revisions\/594"}],"wp:featuredmedia":[{"embeddable":true,"href":"https:\/\/sv-koerne83.de\/wordpress\/wp-json\/wp\/v2\/media\/593"}],"wp:attachment":[{"href":"https:\/\/sv-koerne83.de\/wordpress\/wp-json\/wp\/v2\/media?parent=592"}],"wp:term":[{"taxonomy":"category","embeddable":true,"href":"https:\/\/sv-koerne83.de\/wordpress\/wp-json\/wp\/v2\/categories?post=592"},{"taxonomy":"post_tag","embeddable":true,"href":"https:\/\/sv-koerne83.de\/wordpress\/wp-json\/wp\/v2\/tags?post=592"}],"curies":[{"name":"wp","href":"https:\/\/api.w.org\/{rel}","templated":true}]}}