{"id":598,"date":"2019-08-09T08:00:27","date_gmt":"2019-08-09T06:00:27","guid":{"rendered":"https:\/\/sv-koerne83.de\/wordpress\/?p=598"},"modified":"2019-08-08T23:02:06","modified_gmt":"2019-08-08T21:02:06","slug":"auf-gehts-koerner-jungs","status":"publish","type":"post","link":"https:\/\/sv-koerne83.de\/wordpress\/2019\/08\/09\/auf-gehts-koerner-jungs\/","title":{"rendered":"Auf geht\u2018s K\u00f6rner Jungs"},"content":{"rendered":"\n<p>Die Saison startet an diesem Sonntag und nun wird sich zeigen, wie gut sich die einzelnen Seniorenmannschaften vorbereitet haben.<\/p>\n\n\n\n<p>Die 1. Mannschaft empf\u00e4ngt Eving Selimiye Spor II. Die Evinger stiegen in der letzten Saison als Tabellenerster aus der Kreisliga C auf. Ansto\u00df am Winkelriedweg ist um 15.00 Uhr.<\/p>\n\n\n\n<p>Die 2. Mannschaft empf\u00e4ngt den VfB Westhofen II. Die letzte Saison beendeten die Schwerter auf dem 10. Tabellenplatz der Kreisliga B4. Ansto\u00df am Winkelriedweg ist um 13.00 Uhr.<\/p>\n\n\n\n<p>Die 3. Mannschaft reist zu Posterum United. Die Brackeler erreichten in der abgelaufenen Saison den 9. Tabellenplatz. Ansto\u00df an der Haferfeldstra\u00dfe ist um 15.00 Uhr. <\/p>\n\n\n\n<p>Die 4. Mannschaft trifft auf Preu\u00dfen L\u00fcnen II. Die Horstmarer stiegen aus der Kreisliga B ab. Ansto\u00df am Alten Postweg in L\u00fcnen ist um 13.00 Uhr. <\/p>\n\n\n\n<p>Allen Teams viel Erfolg in der neuen Saison. <strong>Auf geht\u2018s K\u00f6rner Jungs, schie\u00dft ein Tor f\u00fcr uns. <\/strong><\/p>\n","protected":false},"excerpt":{"rendered":"<p>Die Saison startet an diesem Sonntag und nun wird sich zeigen, wie gut sich die einzelnen Seniorenmannschaften vorbereitet haben. Die 1. Mannschaft empf\u00e4ngt Eving Selimiye Spor II. Die Evinger stiegen [&hellip;]<\/p>\n","protected":false},"author":2,"featured_media":599,"comment_status":"closed","ping_status":"open","sticky":false,"template":"","format":"standard","meta":{"_jetpack_memberships_contains_paid_content":false,"footnotes":""},"categories":[30,31,32,33,1],"tags":[],"class_list":["post-598","post","type-post","status-publish","format-standard","has-post-thumbnail","hentry","category-1-mannschaft","category-2-mannschaft","category-3-mannschaft","category-4-mannschaft","category-allgemein"],"jetpack_sharing_enabled":true,"jetpack_featured_media_url":"https:\/\/sv-koerne83.de\/wordpress\/wp-content\/uploads\/2019\/08\/433BDBA5-C1E4-431A-8583-67B79E37AF8B.jpeg","_links":{"self":[{"href":"https:\/\/sv-koerne83.de\/wordpress\/wp-json\/wp\/v2\/posts\/598","targetHints":{"allow":["GET"]}}],"collection":[{"href":"https:\/\/sv-koerne83.de\/wordpress\/wp-json\/wp\/v2\/posts"}],"about":[{"href":"https:\/\/sv-koerne83.de\/wordpress\/wp-json\/wp\/v2\/types\/post"}],"author":[{"embeddable":true,"href":"https:\/\/sv-koerne83.de\/wordpress\/wp-json\/wp\/v2\/users\/2"}],"replies":[{"embeddable":true,"href":"https:\/\/sv-koerne83.de\/wordpress\/wp-json\/wp\/v2\/comments?post=598"}],"version-history":[{"count":2,"href":"https:\/\/sv-koerne83.de\/wordpress\/wp-json\/wp\/v2\/posts\/598\/revisions"}],"predecessor-version":[{"id":603,"href":"https:\/\/sv-koerne83.de\/wordpress\/wp-json\/wp\/v2\/posts\/598\/revisions\/603"}],"wp:featuredmedia":[{"embeddable":true,"href":"https:\/\/sv-koerne83.de\/wordpress\/wp-json\/wp\/v2\/media\/599"}],"wp:attachment":[{"href":"https:\/\/sv-koerne83.de\/wordpress\/wp-json\/wp\/v2\/media?parent=598"}],"wp:term":[{"taxonomy":"category","embeddable":true,"href":"https:\/\/sv-koerne83.de\/wordpress\/wp-json\/wp\/v2\/categories?post=598"},{"taxonomy":"post_tag","embeddable":true,"href":"https:\/\/sv-koerne83.de\/wordpress\/wp-json\/wp\/v2\/tags?post=598"}],"curies":[{"name":"wp","href":"https:\/\/api.w.org\/{rel}","templated":true}]}}