{"id":608,"date":"2019-08-12T14:35:23","date_gmt":"2019-08-12T12:35:23","guid":{"rendered":"https:\/\/sv-koerne83.de\/wordpress\/?p=608"},"modified":"2019-08-12T14:35:23","modified_gmt":"2019-08-12T12:35:23","slug":"erfolgreicher-saisonstart","status":"publish","type":"post","link":"https:\/\/sv-koerne83.de\/wordpress\/2019\/08\/12\/erfolgreicher-saisonstart\/","title":{"rendered":"Erfolgreicher Saisonstart"},"content":{"rendered":"\n<p>Der Saisonauftakt verlief f\u00fcr unsere Mannschaften sehr erfolgreich. Keine Mannschaft musste eine Niederlage hinnehmen und die 1. Mannschaft startete mit einem Kantersieg.<\/p>\n\n\n\n<p>Gegen die Zweitvertretung von Eving Selimiye Spor gewann die Mannschaft von Trainer Viktor Pusch mit 11:1. Das Spiel wurde von dem Team dominiert und die G\u00e4ste aus Eving hatten wenig Spielanteile. Viktor Pusch konnte sich 3 mal in die Torsch\u00fctzenliste eintragen. Tomas Rucinskas und Mehmet Aciky\u00fcrek trafen jeweils 2 mal. Jeweils einen Treffer verbuchten Marc Grabemann, Robin Porps, Christian Salk und Tim Exner auf ihr Torekonto. <\/p>\n\n\n\n<p>Die 2. Mannschaft zeigte eine super Teamleistung, holte einen 3:1 R\u00fcckstand gegen den VfB Westhofen II auf und beendete das Spiel mit einem 3:3 Unentschieden. F\u00fcr das Team vom Trainerduo Gruhn\/Sopar war es Falco Lieschke der alle drei Treffer erzielte. <\/p>\n\n\n\n<p>Die 3. Mannschaft nahm einen Punkt von der Haferfeldstra\u00dfe in Brackel mit und mussten erst in der 90. Minute den Ausgleichstreffer hinnehmen. Nach dem 1:0 R\u00fcckstand konnte Dominic Kaiser noch vor der Pause den 1:1 Ausgleich erzielen. Dustin Werner brachte die Mannschaft nach der Pause mit 2:1 in F\u00fchrung. Den Ausgleich von Posterum United konnte Linus Paelke egalisieren und erzielte das 3:2 f\u00fcr unsere 3. Mannschaft. Kurz vor dem Abpfiff trafen die Brackeler jedoch noch zum 3:3 Unentschieden. <\/p>\n\n\n\n<p>Die 4. Mannschaft konnte einen 2:1 Ausw\u00e4rtserfolg bei Preu\u00dfen L\u00fcnen II einfahren. Den 1:0 R\u00fcckstand konnte Dennis Pirro ausgleichen. Nach der Pause traf Dennis Kaul zum 2:1 Endstand. <\/p>\n","protected":false},"excerpt":{"rendered":"<p>Der Saisonauftakt verlief f\u00fcr unsere Mannschaften sehr erfolgreich. Keine Mannschaft musste eine Niederlage hinnehmen und die 1. Mannschaft startete mit einem Kantersieg. Gegen die Zweitvertretung von Eving Selimiye Spor gewann [&hellip;]<\/p>\n","protected":false},"author":2,"featured_media":606,"comment_status":"closed","ping_status":"open","sticky":false,"template":"","format":"standard","meta":{"_jetpack_memberships_contains_paid_content":false,"footnotes":""},"categories":[30,31,32,33,1],"tags":[],"class_list":["post-608","post","type-post","status-publish","format-standard","has-post-thumbnail","hentry","category-1-mannschaft","category-2-mannschaft","category-3-mannschaft","category-4-mannschaft","category-allgemein"],"jetpack_sharing_enabled":true,"jetpack_featured_media_url":"https:\/\/sv-koerne83.de\/wordpress\/wp-content\/uploads\/2019\/08\/F6545CB4-8A6F-4C40-9239-70D1A9E5519C.jpeg","_links":{"self":[{"href":"https:\/\/sv-koerne83.de\/wordpress\/wp-json\/wp\/v2\/posts\/608","targetHints":{"allow":["GET"]}}],"collection":[{"href":"https:\/\/sv-koerne83.de\/wordpress\/wp-json\/wp\/v2\/posts"}],"about":[{"href":"https:\/\/sv-koerne83.de\/wordpress\/wp-json\/wp\/v2\/types\/post"}],"author":[{"embeddable":true,"href":"https:\/\/sv-koerne83.de\/wordpress\/wp-json\/wp\/v2\/users\/2"}],"replies":[{"embeddable":true,"href":"https:\/\/sv-koerne83.de\/wordpress\/wp-json\/wp\/v2\/comments?post=608"}],"version-history":[{"count":1,"href":"https:\/\/sv-koerne83.de\/wordpress\/wp-json\/wp\/v2\/posts\/608\/revisions"}],"predecessor-version":[{"id":609,"href":"https:\/\/sv-koerne83.de\/wordpress\/wp-json\/wp\/v2\/posts\/608\/revisions\/609"}],"wp:featuredmedia":[{"embeddable":true,"href":"https:\/\/sv-koerne83.de\/wordpress\/wp-json\/wp\/v2\/media\/606"}],"wp:attachment":[{"href":"https:\/\/sv-koerne83.de\/wordpress\/wp-json\/wp\/v2\/media?parent=608"}],"wp:term":[{"taxonomy":"category","embeddable":true,"href":"https:\/\/sv-koerne83.de\/wordpress\/wp-json\/wp\/v2\/categories?post=608"},{"taxonomy":"post_tag","embeddable":true,"href":"https:\/\/sv-koerne83.de\/wordpress\/wp-json\/wp\/v2\/tags?post=608"}],"curies":[{"name":"wp","href":"https:\/\/api.w.org\/{rel}","templated":true}]}}