{"id":633,"date":"2019-08-18T08:00:18","date_gmt":"2019-08-18T06:00:18","guid":{"rendered":"https:\/\/sv-koerne83.de\/wordpress\/?p=633"},"modified":"2019-08-17T21:17:55","modified_gmt":"2019-08-17T19:17:55","slug":"d-jugend-verliert-vorbereitungsauftakt","status":"publish","type":"post","link":"https:\/\/sv-koerne83.de\/wordpress\/2019\/08\/18\/d-jugend-verliert-vorbereitungsauftakt\/","title":{"rendered":"D-Jugend verliert Vorbereitungsauftakt"},"content":{"rendered":"\n<p>Die D-Jugend verlor das erste Testspiel in dieser Vorbereitung mit 5:2 gegen TuS K\u00f6rne II. Zur Pause lag das Team von Trainer Andree Schmitz lediglich mit 2:1 in R\u00fcckstand. In der zweiten H\u00e4lfte setzten sich allerdings die G\u00e4ste vom Zippen durch und konnten das Spiel zu ihren Gunsten entscheiden. <\/p>\n","protected":false},"excerpt":{"rendered":"<p>Die D-Jugend verlor das erste Testspiel in dieser Vorbereitung mit 5:2 gegen TuS K\u00f6rne II. Zur Pause lag das Team von Trainer Andree Schmitz lediglich mit 2:1 in R\u00fcckstand. In [&hellip;]<\/p>\n","protected":false},"author":2,"featured_media":72,"comment_status":"closed","ping_status":"open","sticky":false,"template":"","format":"standard","meta":{"_jetpack_memberships_contains_paid_content":false,"footnotes":""},"categories":[1,35],"tags":[],"class_list":["post-633","post","type-post","status-publish","format-standard","has-post-thumbnail","hentry","category-allgemein","category-jugend"],"jetpack_sharing_enabled":true,"jetpack_featured_media_url":"https:\/\/sv-koerne83.de\/wordpress\/wp-content\/uploads\/2019\/06\/Fotolia_127347038_XS.jpg","_links":{"self":[{"href":"https:\/\/sv-koerne83.de\/wordpress\/wp-json\/wp\/v2\/posts\/633","targetHints":{"allow":["GET"]}}],"collection":[{"href":"https:\/\/sv-koerne83.de\/wordpress\/wp-json\/wp\/v2\/posts"}],"about":[{"href":"https:\/\/sv-koerne83.de\/wordpress\/wp-json\/wp\/v2\/types\/post"}],"author":[{"embeddable":true,"href":"https:\/\/sv-koerne83.de\/wordpress\/wp-json\/wp\/v2\/users\/2"}],"replies":[{"embeddable":true,"href":"https:\/\/sv-koerne83.de\/wordpress\/wp-json\/wp\/v2\/comments?post=633"}],"version-history":[{"count":1,"href":"https:\/\/sv-koerne83.de\/wordpress\/wp-json\/wp\/v2\/posts\/633\/revisions"}],"predecessor-version":[{"id":634,"href":"https:\/\/sv-koerne83.de\/wordpress\/wp-json\/wp\/v2\/posts\/633\/revisions\/634"}],"wp:featuredmedia":[{"embeddable":true,"href":"https:\/\/sv-koerne83.de\/wordpress\/wp-json\/wp\/v2\/media\/72"}],"wp:attachment":[{"href":"https:\/\/sv-koerne83.de\/wordpress\/wp-json\/wp\/v2\/media?parent=633"}],"wp:term":[{"taxonomy":"category","embeddable":true,"href":"https:\/\/sv-koerne83.de\/wordpress\/wp-json\/wp\/v2\/categories?post=633"},{"taxonomy":"post_tag","embeddable":true,"href":"https:\/\/sv-koerne83.de\/wordpress\/wp-json\/wp\/v2\/tags?post=633"}],"curies":[{"name":"wp","href":"https:\/\/api.w.org\/{rel}","templated":true}]}}