{"id":635,"date":"2019-08-18T19:53:05","date_gmt":"2019-08-18T17:53:05","guid":{"rendered":"https:\/\/sv-koerne83.de\/wordpress\/?p=635"},"modified":"2019-08-18T19:53:05","modified_gmt":"2019-08-18T17:53:05","slug":"2-spieltag-rueckblick","status":"publish","type":"post","link":"https:\/\/sv-koerne83.de\/wordpress\/2019\/08\/18\/2-spieltag-rueckblick\/","title":{"rendered":"2. Spieltag &#8211; R\u00fcckblick"},"content":{"rendered":"\n<p>An diesem Sonntag konnten drei der vier Seniorenmannschaften punkten. Lediglich die 2. Mannschaft konnte bei der Ausw\u00e4rtspartie in Kirchlinde nichts z\u00e4hlbares mitnehmen. <\/p>\n\n\n\n<p>Die 1. Mannschaft zeigte auch am 2. Spieltag eine souver\u00e4ne Leistung. Bei NK Zagreb gewann die Mannschaft mit 15:1. Tomas Rucinskas traf 5 mal. Marc Grabemann traf 3 mal. Alexander Carletti konnte sich 2 mal in die Torsch\u00fctzenliste eintragen. Christian Salk, Tim Exner, Marcel Pr\u00fcfel, Mehmet Aciky\u00fcrek und Nico Starke trafen jeweils 1 mal. <\/p>\n\n\n\n<p>Die 2. Mannschaft mussten beim VFR Kirchlinde III leider eine Niederlage hinnehmen und unterlag am B\u00e4renbruch mit 6:4. Nach 36 Minuten lag die Mannschaft mit 3:0 im R\u00fcckstand. Das Team vom Trainerduo Gruhn\/Sopar schaffte es zwar immer wieder den R\u00fcckstand zu verk\u00fcrzen, jedoch setzte sich der Gastgeber am Ende durch. Alle 4 Tore erzielte Nico Starke. <\/p>\n\n\n\n<p>Die 3. Mannschaft gewann gegen den FC Br\u00fcnninghausen III mit 3:2. Den R\u00fcckstand glich Suzan Hamo zum 1:1 aus. Tobias Schigowski brachte die Mannschaft mit 2:1 in F\u00fchrung. Die G\u00e4ste aus Br\u00fcnninghausen erzielten zwar den zwischenzeitlichen Ausgleich, allerdings traf Dustin Werner kurz vor der Pause zur 3:2 F\u00fchrung. In der zweiten Halbzeit gab es keine Tore mehr zu verzeichnen.<\/p>\n\n\n\n<p>Die 4. Mannschaft konnte auch ihr 2. Saisonspiel gewinnen und schickte den L\u00fcner SV IV mit 7:2 wieder nach Hause. F\u00fcr die Mannschaft von Trainer Felix Bedarf trafen Dennis Pirro, Dennis Kaul und Simon Floss jeweils 2 mal. Max Scharf trug sich einmal in die Torsch\u00fctzenliste ein. <\/p>\n","protected":false},"excerpt":{"rendered":"<p>An diesem Sonntag konnten drei der vier Seniorenmannschaften punkten. Lediglich die 2. Mannschaft konnte bei der Ausw\u00e4rtspartie in Kirchlinde nichts z\u00e4hlbares mitnehmen. Die 1. Mannschaft zeigte auch am 2. Spieltag [&hellip;]<\/p>\n","protected":false},"author":2,"featured_media":636,"comment_status":"closed","ping_status":"open","sticky":false,"template":"","format":"standard","meta":{"_jetpack_memberships_contains_paid_content":false,"footnotes":""},"categories":[30,31,32,33,1],"tags":[],"class_list":["post-635","post","type-post","status-publish","format-standard","has-post-thumbnail","hentry","category-1-mannschaft","category-2-mannschaft","category-3-mannschaft","category-4-mannschaft","category-allgemein"],"jetpack_sharing_enabled":true,"jetpack_featured_media_url":"https:\/\/sv-koerne83.de\/wordpress\/wp-content\/uploads\/2019\/08\/77E993B1-5477-4ACA-911C-6CE379BDCA33.jpeg","_links":{"self":[{"href":"https:\/\/sv-koerne83.de\/wordpress\/wp-json\/wp\/v2\/posts\/635","targetHints":{"allow":["GET"]}}],"collection":[{"href":"https:\/\/sv-koerne83.de\/wordpress\/wp-json\/wp\/v2\/posts"}],"about":[{"href":"https:\/\/sv-koerne83.de\/wordpress\/wp-json\/wp\/v2\/types\/post"}],"author":[{"embeddable":true,"href":"https:\/\/sv-koerne83.de\/wordpress\/wp-json\/wp\/v2\/users\/2"}],"replies":[{"embeddable":true,"href":"https:\/\/sv-koerne83.de\/wordpress\/wp-json\/wp\/v2\/comments?post=635"}],"version-history":[{"count":1,"href":"https:\/\/sv-koerne83.de\/wordpress\/wp-json\/wp\/v2\/posts\/635\/revisions"}],"predecessor-version":[{"id":637,"href":"https:\/\/sv-koerne83.de\/wordpress\/wp-json\/wp\/v2\/posts\/635\/revisions\/637"}],"wp:featuredmedia":[{"embeddable":true,"href":"https:\/\/sv-koerne83.de\/wordpress\/wp-json\/wp\/v2\/media\/636"}],"wp:attachment":[{"href":"https:\/\/sv-koerne83.de\/wordpress\/wp-json\/wp\/v2\/media?parent=635"}],"wp:term":[{"taxonomy":"category","embeddable":true,"href":"https:\/\/sv-koerne83.de\/wordpress\/wp-json\/wp\/v2\/categories?post=635"},{"taxonomy":"post_tag","embeddable":true,"href":"https:\/\/sv-koerne83.de\/wordpress\/wp-json\/wp\/v2\/tags?post=635"}],"curies":[{"name":"wp","href":"https:\/\/api.w.org\/{rel}","templated":true}]}}