{"id":641,"date":"2019-08-23T08:33:48","date_gmt":"2019-08-23T06:33:48","guid":{"rendered":"https:\/\/sv-koerne83.de\/wordpress\/?p=641"},"modified":"2019-08-23T08:33:48","modified_gmt":"2019-08-23T06:33:48","slug":"spieltag-3-bei-den-herren","status":"publish","type":"post","link":"https:\/\/sv-koerne83.de\/wordpress\/2019\/08\/23\/spieltag-3-bei-den-herren\/","title":{"rendered":"Spieltag 3 bei den Herren"},"content":{"rendered":"\n<p>An diesem Sonntag spielen die Seniorenmannschaften den 3. Spieltag der aktuellen Saison. Die 1. und 2. Mannschaft spielt am Winkelriedweg, die 3. und 4. Mannschaft muss ausw\u00e4rts ran.<\/p>\n\n\n\n<p>Die 1. Mannschaft empf\u00e4ngt um 15.00 Uhr den BV L\u00fcnen 05 II. Die Geister spielten in der letzten Saison noch in der Kreisliga B3, belegten dort am Ende der Saison den 2. Tabellenplatz und standen ebenfalls in der Relegation f\u00fcr den Aufstieg in die Kreisliga A. F\u00fcr die Mannschaft von Trainer Viktor Pusch wird das Spiel eine schwierigere Aufgabe als die beiden ersten Spiele. <\/p>\n\n\n\n<p>Die 2. Mannschaft trifft zu Hause auf den VfL H\u00f6rde. Die Mannschaft aus dem Goystadion hat in dieser Saison ihr Team mit einigen guten Spielern verst\u00e4rkt und mit Julian Koch einen ehemaligen BVB-Spieler an Bord. Aktuell belegen die H\u00f6rde den 1. Tabellenplatz und mussten noch keine Niederlage hinnehmen. Es wird eine interessante Partie f\u00fcr die junge Mannschaft von Marian Gruhn und Mario Sopar. Ansto\u00df am Winkelriedweg ist um 13.00 Uhr. <\/p>\n\n\n\n<p>Die 3. Mannschaft reist zum SV Berghofen und spielt dort gegen die 3. Mannschaft. F\u00fcr das Team vom Trainerduo Koebel\/Serdar geht es darum auch im dritten Spiel ohne Niederlage zu bleiben. Ansto\u00df an der Berghofer Stra\u00dfe ist um 17.00 Uhr. <\/p>\n\n\n\n<p>Die 4. Mannschaft tritt ausw\u00e4rts beim BV L\u00fcnen III an. Es ist ein Duell zwischen zwei ungeschlagenen Mannschaften. Ein Topspiel zwischen dem Zweit- und dem Drittplatzierten. Ansto\u00df an der Moltkestra\u00dfe in L\u00fcnen ist um 13.00 Uhr. <\/p>\n\n\n\n<p>Allen Mannschaften viel Erfolg!<\/p>\n","protected":false},"excerpt":{"rendered":"<p>An diesem Sonntag spielen die Seniorenmannschaften den 3. Spieltag der aktuellen Saison. Die 1. und 2. Mannschaft spielt am Winkelriedweg, die 3. und 4. Mannschaft muss ausw\u00e4rts ran. Die 1. [&hellip;]<\/p>\n","protected":false},"author":2,"featured_media":49,"comment_status":"closed","ping_status":"open","sticky":false,"template":"","format":"standard","meta":{"_jetpack_memberships_contains_paid_content":false,"footnotes":""},"categories":[30,31,32,33,1],"tags":[],"class_list":["post-641","post","type-post","status-publish","format-standard","has-post-thumbnail","hentry","category-1-mannschaft","category-2-mannschaft","category-3-mannschaft","category-4-mannschaft","category-allgemein"],"jetpack_sharing_enabled":true,"jetpack_featured_media_url":"https:\/\/sv-koerne83.de\/wordpress\/wp-content\/uploads\/2019\/06\/football-1149718_1920.jpg","_links":{"self":[{"href":"https:\/\/sv-koerne83.de\/wordpress\/wp-json\/wp\/v2\/posts\/641","targetHints":{"allow":["GET"]}}],"collection":[{"href":"https:\/\/sv-koerne83.de\/wordpress\/wp-json\/wp\/v2\/posts"}],"about":[{"href":"https:\/\/sv-koerne83.de\/wordpress\/wp-json\/wp\/v2\/types\/post"}],"author":[{"embeddable":true,"href":"https:\/\/sv-koerne83.de\/wordpress\/wp-json\/wp\/v2\/users\/2"}],"replies":[{"embeddable":true,"href":"https:\/\/sv-koerne83.de\/wordpress\/wp-json\/wp\/v2\/comments?post=641"}],"version-history":[{"count":1,"href":"https:\/\/sv-koerne83.de\/wordpress\/wp-json\/wp\/v2\/posts\/641\/revisions"}],"predecessor-version":[{"id":642,"href":"https:\/\/sv-koerne83.de\/wordpress\/wp-json\/wp\/v2\/posts\/641\/revisions\/642"}],"wp:featuredmedia":[{"embeddable":true,"href":"https:\/\/sv-koerne83.de\/wordpress\/wp-json\/wp\/v2\/media\/49"}],"wp:attachment":[{"href":"https:\/\/sv-koerne83.de\/wordpress\/wp-json\/wp\/v2\/media?parent=641"}],"wp:term":[{"taxonomy":"category","embeddable":true,"href":"https:\/\/sv-koerne83.de\/wordpress\/wp-json\/wp\/v2\/categories?post=641"},{"taxonomy":"post_tag","embeddable":true,"href":"https:\/\/sv-koerne83.de\/wordpress\/wp-json\/wp\/v2\/tags?post=641"}],"curies":[{"name":"wp","href":"https:\/\/api.w.org\/{rel}","templated":true}]}}