{"id":649,"date":"2019-08-26T09:04:43","date_gmt":"2019-08-26T07:04:43","guid":{"rendered":"https:\/\/sv-koerne83.de\/wordpress\/?p=649"},"modified":"2019-08-26T09:04:43","modified_gmt":"2019-08-26T07:04:43","slug":"erste-weiterhin-ohne-punktverlust-zweite-verliert-ungluecklich","status":"publish","type":"post","link":"https:\/\/sv-koerne83.de\/wordpress\/2019\/08\/26\/erste-weiterhin-ohne-punktverlust-zweite-verliert-ungluecklich\/","title":{"rendered":"Erste weiterhin ohne Punktverlust &#8211; Zweite verliert ungl\u00fccklich"},"content":{"rendered":"\n<p>Die 1. Mannschaft gewann am gestrigen Sonntag gegen den BV L\u00fcnen 05 II  mit 4:1. Es war das erwartet schwierige Spiel, welches das Team von Trainer Viktor Pusch bewerkstelligen musste. In der 8. Minute gingen die Geister mit 1:0 in F\u00fchrung. Die 1. Mannschaft tat sich im ersten Durchgang schwer ihr Spiel durch zuziehen, konnte jedoch kurz vor der Halbzeit den 1:1 Ausgleich erzielen. In der zweiten Halbzeit erzielte Marcel Pr\u00fcfel die 2:1 F\u00fchrung. Kurz vor dem Abpfiff erh\u00f6hten Marc Grabemann und Robin Porps zum 4:1 Endstand. <\/p>\n\n\n\n<p>Die 2. Mannschaft musste gegen den Aufstiegsaspiranten VfL H\u00f6rde eine ungl\u00fcckliche 2:3 Heimniederlage hinnehmen. Zu Beginn des Spiels hatte der Gast aus H\u00f6rde leichte Spielvorteile und ging durch individuelle Abwehrfehler mit 2:0 in F\u00fchrung. Der R\u00fcckstand war f\u00fcr die Mannschaft ein Wachmacher und trug dazu bei, dass man sich ins Spiel zur\u00fcckk\u00e4mpfte. Falco Lieschke und Nico Starke glichen noch vor der Pause zum 2:2 aus. In der zweiten Halbzeit fielen die G\u00e4ste aus H\u00f6rde lediglich durch Undiszipliniertheiten auf und die 2. Mannschaft hielt k\u00e4mpferisch gut dagegen. Leider wurde dies nicht belohnt, denn der VfL H\u00f6rde erzielte in der 95. Minute den 2:3 Endstand.<\/p>\n\n\n\n<p>Die 3. Mannschaft gewann ausw\u00e4rts beim SV Berghofen III mit 7:3. Suzan Hamo war der Mann des Spiels. Er trug mit seinen 4 Treffern ma\u00dfgeblich zum Erfolg bei. Weitere Treffer erzielten Patrick Frescher, Dominic Kaiser und Dennis J\u00fcrgens.<\/p>\n\n\n\n<p>Die 4. Mannschaft trennte sich im Topspiel gegen den BV L\u00fcnen 05 III 1:1 unentschieden. Die K\u00f6rner gingen in der 10. Minute durch Gerrit Weber mit 1:0 in F\u00fchrung. In der 20. Minute musste die Mannschaft von Sebastian Arnold den 1:1 Ausgleichstreffer hinnehmen. Dies war auch der Endstand. <\/p>\n","protected":false},"excerpt":{"rendered":"<p>Die 1. Mannschaft gewann am gestrigen Sonntag gegen den BV L\u00fcnen 05 II mit 4:1. Es war das erwartet schwierige Spiel, welches das Team von Trainer Viktor Pusch bewerkstelligen musste. [&hellip;]<\/p>\n","protected":false},"author":2,"featured_media":593,"comment_status":"closed","ping_status":"open","sticky":false,"template":"","format":"standard","meta":{"_jetpack_memberships_contains_paid_content":false,"footnotes":""},"categories":[30,31,32,33,1],"tags":[],"class_list":["post-649","post","type-post","status-publish","format-standard","has-post-thumbnail","hentry","category-1-mannschaft","category-2-mannschaft","category-3-mannschaft","category-4-mannschaft","category-allgemein"],"jetpack_sharing_enabled":true,"jetpack_featured_media_url":"https:\/\/sv-koerne83.de\/wordpress\/wp-content\/uploads\/2019\/08\/2600FD29-C8DA-4D24-94D6-53CC7A0DDFED.jpeg","_links":{"self":[{"href":"https:\/\/sv-koerne83.de\/wordpress\/wp-json\/wp\/v2\/posts\/649","targetHints":{"allow":["GET"]}}],"collection":[{"href":"https:\/\/sv-koerne83.de\/wordpress\/wp-json\/wp\/v2\/posts"}],"about":[{"href":"https:\/\/sv-koerne83.de\/wordpress\/wp-json\/wp\/v2\/types\/post"}],"author":[{"embeddable":true,"href":"https:\/\/sv-koerne83.de\/wordpress\/wp-json\/wp\/v2\/users\/2"}],"replies":[{"embeddable":true,"href":"https:\/\/sv-koerne83.de\/wordpress\/wp-json\/wp\/v2\/comments?post=649"}],"version-history":[{"count":1,"href":"https:\/\/sv-koerne83.de\/wordpress\/wp-json\/wp\/v2\/posts\/649\/revisions"}],"predecessor-version":[{"id":650,"href":"https:\/\/sv-koerne83.de\/wordpress\/wp-json\/wp\/v2\/posts\/649\/revisions\/650"}],"wp:featuredmedia":[{"embeddable":true,"href":"https:\/\/sv-koerne83.de\/wordpress\/wp-json\/wp\/v2\/media\/593"}],"wp:attachment":[{"href":"https:\/\/sv-koerne83.de\/wordpress\/wp-json\/wp\/v2\/media?parent=649"}],"wp:term":[{"taxonomy":"category","embeddable":true,"href":"https:\/\/sv-koerne83.de\/wordpress\/wp-json\/wp\/v2\/categories?post=649"},{"taxonomy":"post_tag","embeddable":true,"href":"https:\/\/sv-koerne83.de\/wordpress\/wp-json\/wp\/v2\/tags?post=649"}],"curies":[{"name":"wp","href":"https:\/\/api.w.org\/{rel}","templated":true}]}}