{"id":667,"date":"2019-08-30T18:00:26","date_gmt":"2019-08-30T16:00:26","guid":{"rendered":"https:\/\/sv-koerne83.de\/wordpress\/?p=667"},"modified":"2019-08-30T10:51:02","modified_gmt":"2019-08-30T08:51:02","slug":"topspiel-fuer-die-3-mannschaft","status":"publish","type":"post","link":"https:\/\/sv-koerne83.de\/wordpress\/2019\/08\/30\/topspiel-fuer-die-3-mannschaft\/","title":{"rendered":"Topspiel f\u00fcr die 3. Mannschaft"},"content":{"rendered":"\n<p>An diesem Sonntag geht es f\u00fcr die Senioren in die 4. Runde. Die 1. und 2. Mannschaft d\u00fcrfen ausw\u00e4rts ran und die 3. und 4. Mannschaft spielen auf heimischen Gel\u00e4uf. <\/p>\n\n\n\n<p>Die 1. Mannschaft reist zum SC Husen-Kurl II. Die Kurler liegen aktuell auf dem 13. Tabellenplatz und konnten noch kein Spiel gewinnen. F\u00fcr die Mannschaft von Trainer Viktor Pusch geht es darum auch hier die Siegesserie aufrecht zu halten. Ansto\u00df an der Husener Eichwaldstra\u00dfe ist um 13.00 Uhr. <br><\/p>\n\n\n\n<p>Die 2. Mannschaft spielt gegen den BSV Fortuna. Die Fortunen konnten in der bisherigen Saison nur eins der drei Spiele gewinnen. Mit einem Sieg kann die Mannschaft vom Trainerduo Gruhn\/Sopar den BSV in der Tabelle \u00fcberholen. Ansto\u00df an der Diedenhofener Stra\u00dfe ist um 15.00 Uhr. <br><\/p>\n\n\n\n<p>Die 3. Mannschaft empf\u00e4ngt im Topspiel den TuS Neuasseln II. Die Neuasselner belegen aktuell den 1. Tabellenplatz und konnten alle ihre Spiele gewinnen. Die Mannschaft vom Trainerduo Koebel\/Serdar musste in dieser Saison auch noch keine Niederlage hinnehmen und kann mit einem Sieg an den Neuasselnern vorbeiziehen. Ansto\u00df am Winkelriedweg ist um 15.00 Uhr. <br><\/p>\n\n\n\n<p>Die 4. Mannschaft spielt gegen den SC Husen-Kurl III. F\u00fcr die Mannschaft von Trainer Sebastian Arnold geht es in diesem Spiel darum, den 2. Tabellenplatz zu verteidigen. Mit einem Sieg gegen den Tabellenf\u00fcnften aus Husen ist dies m\u00f6glich. Ansto\u00df am Winkelriedweg ist um 13.00 Uhr. <\/p>\n","protected":false},"excerpt":{"rendered":"<p>An diesem Sonntag geht es f\u00fcr die Senioren in die 4. Runde. Die 1. und 2. Mannschaft d\u00fcrfen ausw\u00e4rts ran und die 3. und 4. Mannschaft spielen auf heimischen Gel\u00e4uf. [&hellip;]<\/p>\n","protected":false},"author":2,"featured_media":621,"comment_status":"closed","ping_status":"open","sticky":false,"template":"","format":"standard","meta":{"_jetpack_memberships_contains_paid_content":false,"footnotes":""},"categories":[30,31,32,33,1],"tags":[],"class_list":["post-667","post","type-post","status-publish","format-standard","has-post-thumbnail","hentry","category-1-mannschaft","category-2-mannschaft","category-3-mannschaft","category-4-mannschaft","category-allgemein"],"jetpack_sharing_enabled":true,"jetpack_featured_media_url":"https:\/\/sv-koerne83.de\/wordpress\/wp-content\/uploads\/2019\/08\/202CE943-3C8F-4050-A873-A373FC735758.jpeg","_links":{"self":[{"href":"https:\/\/sv-koerne83.de\/wordpress\/wp-json\/wp\/v2\/posts\/667","targetHints":{"allow":["GET"]}}],"collection":[{"href":"https:\/\/sv-koerne83.de\/wordpress\/wp-json\/wp\/v2\/posts"}],"about":[{"href":"https:\/\/sv-koerne83.de\/wordpress\/wp-json\/wp\/v2\/types\/post"}],"author":[{"embeddable":true,"href":"https:\/\/sv-koerne83.de\/wordpress\/wp-json\/wp\/v2\/users\/2"}],"replies":[{"embeddable":true,"href":"https:\/\/sv-koerne83.de\/wordpress\/wp-json\/wp\/v2\/comments?post=667"}],"version-history":[{"count":1,"href":"https:\/\/sv-koerne83.de\/wordpress\/wp-json\/wp\/v2\/posts\/667\/revisions"}],"predecessor-version":[{"id":668,"href":"https:\/\/sv-koerne83.de\/wordpress\/wp-json\/wp\/v2\/posts\/667\/revisions\/668"}],"wp:featuredmedia":[{"embeddable":true,"href":"https:\/\/sv-koerne83.de\/wordpress\/wp-json\/wp\/v2\/media\/621"}],"wp:attachment":[{"href":"https:\/\/sv-koerne83.de\/wordpress\/wp-json\/wp\/v2\/media?parent=667"}],"wp:term":[{"taxonomy":"category","embeddable":true,"href":"https:\/\/sv-koerne83.de\/wordpress\/wp-json\/wp\/v2\/categories?post=667"},{"taxonomy":"post_tag","embeddable":true,"href":"https:\/\/sv-koerne83.de\/wordpress\/wp-json\/wp\/v2\/tags?post=667"}],"curies":[{"name":"wp","href":"https:\/\/api.w.org\/{rel}","templated":true}]}}