{"id":672,"date":"2019-09-03T09:16:03","date_gmt":"2019-09-03T07:16:03","guid":{"rendered":"https:\/\/sv-koerne83.de\/wordpress\/?p=672"},"modified":"2019-09-03T09:16:03","modified_gmt":"2019-09-03T07:16:03","slug":"1-mannschaft-weiterhin-an-der-tabellenspitze","status":"publish","type":"post","link":"https:\/\/sv-koerne83.de\/wordpress\/2019\/09\/03\/1-mannschaft-weiterhin-an-der-tabellenspitze\/","title":{"rendered":"1. Mannschaft weiterhin an der Tabellenspitze"},"content":{"rendered":"\n<p>Die 1. Mannschaft konnte ihr Ausw\u00e4rtsspiel beim SC Husen-Kurl II mit 6:0 gewinnen. In der ersten Halbzeit lie\u00df die Mannschaft von Trainer Viktor Pusch einige Chancen liegen, so konnte man lediglich mit einer 1:0 F\u00fchrung in die Pause gehen. Getroffen hat der Spielertrainer selbst. Nach der Pause konnte Ivo Hintze auf 2:0 erh\u00f6hen. Danach war die Gegenwehr der Husener gebrochen. Viktor Pusch traf zum 3:0, Tomas Rucinskas erzielte das 4:0. Nach ihren Einwechslungen konnten sich auch noch Marco Kobbe und Tim Exner in die Torsch\u00fctzenliste eintragen. <br><\/p>\n\n\n\n<p>Die 2. Mannschaft verlor ihr Ausw\u00e4rtsspiel beim BSV Fortuna mit 2:1. Falco Lieschke brachte die Mannschaft zwar mit 1:0 in F\u00fchrung, jedoch musste man 2 Minuten sp\u00e4ter direkt den Ausgleichstreffer hinnehmen. Kurz vor dem Abpfiff traf der Gastgeber zum 2:1. <br><\/p>\n\n\n\n<p>Die 3. Mannschaft verlor das Topspiel gegen den TuS Neuasseln II deutlich mit 6:0. Der Tabellenf\u00fchrer zeigte eindrucksvoll seine St\u00e4rke. Die 3. Mannschaft rutscht mit dieser Niederlage auf den 5. Tabellenplatz ab. <br><\/p>\n\n\n\n<p>Die 4. Mannschaft verlor ihr Heimspiel gegen den SC Husen-Kurl III mit 1:0. Der einzige Treffer der Partie fiel bereits in der 12. Minute. Die 4. Mannschaft rutscht mit dieser Niederlage auf den 5. Tabellenplatz ab. <\/p>\n","protected":false},"excerpt":{"rendered":"<p>Die 1. Mannschaft konnte ihr Ausw\u00e4rtsspiel beim SC Husen-Kurl II mit 6:0 gewinnen. In der ersten Halbzeit lie\u00df die Mannschaft von Trainer Viktor Pusch einige Chancen liegen, so konnte man [&hellip;]<\/p>\n","protected":false},"author":2,"featured_media":57,"comment_status":"closed","ping_status":"open","sticky":false,"template":"","format":"standard","meta":{"_jetpack_memberships_contains_paid_content":false,"footnotes":""},"categories":[30,31,32,33,1],"tags":[],"class_list":["post-672","post","type-post","status-publish","format-standard","has-post-thumbnail","hentry","category-1-mannschaft","category-2-mannschaft","category-3-mannschaft","category-4-mannschaft","category-allgemein"],"jetpack_sharing_enabled":true,"jetpack_featured_media_url":"https:\/\/sv-koerne83.de\/wordpress\/wp-content\/uploads\/2019\/06\/1Fotolia_127347038_XS.jpg","_links":{"self":[{"href":"https:\/\/sv-koerne83.de\/wordpress\/wp-json\/wp\/v2\/posts\/672","targetHints":{"allow":["GET"]}}],"collection":[{"href":"https:\/\/sv-koerne83.de\/wordpress\/wp-json\/wp\/v2\/posts"}],"about":[{"href":"https:\/\/sv-koerne83.de\/wordpress\/wp-json\/wp\/v2\/types\/post"}],"author":[{"embeddable":true,"href":"https:\/\/sv-koerne83.de\/wordpress\/wp-json\/wp\/v2\/users\/2"}],"replies":[{"embeddable":true,"href":"https:\/\/sv-koerne83.de\/wordpress\/wp-json\/wp\/v2\/comments?post=672"}],"version-history":[{"count":1,"href":"https:\/\/sv-koerne83.de\/wordpress\/wp-json\/wp\/v2\/posts\/672\/revisions"}],"predecessor-version":[{"id":673,"href":"https:\/\/sv-koerne83.de\/wordpress\/wp-json\/wp\/v2\/posts\/672\/revisions\/673"}],"wp:featuredmedia":[{"embeddable":true,"href":"https:\/\/sv-koerne83.de\/wordpress\/wp-json\/wp\/v2\/media\/57"}],"wp:attachment":[{"href":"https:\/\/sv-koerne83.de\/wordpress\/wp-json\/wp\/v2\/media?parent=672"}],"wp:term":[{"taxonomy":"category","embeddable":true,"href":"https:\/\/sv-koerne83.de\/wordpress\/wp-json\/wp\/v2\/categories?post=672"},{"taxonomy":"post_tag","embeddable":true,"href":"https:\/\/sv-koerne83.de\/wordpress\/wp-json\/wp\/v2\/tags?post=672"}],"curies":[{"name":"wp","href":"https:\/\/api.w.org\/{rel}","templated":true}]}}