{"id":674,"date":"2019-09-03T12:00:33","date_gmt":"2019-09-03T10:00:33","guid":{"rendered":"https:\/\/sv-koerne83.de\/wordpress\/?p=674"},"modified":"2019-09-03T09:33:54","modified_gmt":"2019-09-03T07:33:54","slug":"pokalspiel-gegen-asseln","status":"publish","type":"post","link":"https:\/\/sv-koerne83.de\/wordpress\/2019\/09\/03\/pokalspiel-gegen-asseln\/","title":{"rendered":"Pokalspiel gegen Asseln"},"content":{"rendered":"\n<p>Die 1. Mannschaft trifft am heutigen Abend in der 2. Runde des Kreispokals auf TuRa Asseln. Die Asselner belegen nach einem Neuanfang noch ungeschlagen den 5. Tabellenplatz (ein Spiel weniger als der Tabellenf\u00fchrer) in der Kreisliga C und schlugen in der 1. Runde den A-Ligist TuS Neuasseln. Ansto\u00df am Gr\u00fcningsweg ist um 19.00 Uhr. <\/p>\n","protected":false},"excerpt":{"rendered":"<p>Die 1. Mannschaft trifft am heutigen Abend in der 2. Runde des Kreispokals auf TuRa Asseln. Die Asselner belegen nach einem Neuanfang noch ungeschlagen den 5. Tabellenplatz (ein Spiel weniger [&hellip;]<\/p>\n","protected":false},"author":2,"featured_media":571,"comment_status":"closed","ping_status":"open","sticky":false,"template":"","format":"standard","meta":{"_jetpack_memberships_contains_paid_content":false,"footnotes":""},"categories":[30,1],"tags":[],"class_list":["post-674","post","type-post","status-publish","format-standard","has-post-thumbnail","hentry","category-1-mannschaft","category-allgemein"],"jetpack_sharing_enabled":true,"jetpack_featured_media_url":"https:\/\/sv-koerne83.de\/wordpress\/wp-content\/uploads\/2019\/07\/football-3493024_1920.jpg","_links":{"self":[{"href":"https:\/\/sv-koerne83.de\/wordpress\/wp-json\/wp\/v2\/posts\/674","targetHints":{"allow":["GET"]}}],"collection":[{"href":"https:\/\/sv-koerne83.de\/wordpress\/wp-json\/wp\/v2\/posts"}],"about":[{"href":"https:\/\/sv-koerne83.de\/wordpress\/wp-json\/wp\/v2\/types\/post"}],"author":[{"embeddable":true,"href":"https:\/\/sv-koerne83.de\/wordpress\/wp-json\/wp\/v2\/users\/2"}],"replies":[{"embeddable":true,"href":"https:\/\/sv-koerne83.de\/wordpress\/wp-json\/wp\/v2\/comments?post=674"}],"version-history":[{"count":1,"href":"https:\/\/sv-koerne83.de\/wordpress\/wp-json\/wp\/v2\/posts\/674\/revisions"}],"predecessor-version":[{"id":675,"href":"https:\/\/sv-koerne83.de\/wordpress\/wp-json\/wp\/v2\/posts\/674\/revisions\/675"}],"wp:featuredmedia":[{"embeddable":true,"href":"https:\/\/sv-koerne83.de\/wordpress\/wp-json\/wp\/v2\/media\/571"}],"wp:attachment":[{"href":"https:\/\/sv-koerne83.de\/wordpress\/wp-json\/wp\/v2\/media?parent=674"}],"wp:term":[{"taxonomy":"category","embeddable":true,"href":"https:\/\/sv-koerne83.de\/wordpress\/wp-json\/wp\/v2\/categories?post=674"},{"taxonomy":"post_tag","embeddable":true,"href":"https:\/\/sv-koerne83.de\/wordpress\/wp-json\/wp\/v2\/tags?post=674"}],"curies":[{"name":"wp","href":"https:\/\/api.w.org\/{rel}","templated":true}]}}