{"id":676,"date":"2019-09-04T08:26:00","date_gmt":"2019-09-04T06:26:00","guid":{"rendered":"https:\/\/sv-koerne83.de\/wordpress\/?p=676"},"modified":"2019-09-04T08:26:00","modified_gmt":"2019-09-04T06:26:00","slug":"1-mannschaft-erreicht-3-pokalrunde","status":"publish","type":"post","link":"https:\/\/sv-koerne83.de\/wordpress\/2019\/09\/04\/1-mannschaft-erreicht-3-pokalrunde\/","title":{"rendered":"1. Mannschaft erreicht 3. Pokalrunde"},"content":{"rendered":"\n<p>Die 1. Mannschaft konnte am gestrigen Abend mit einem 3:1 Ausw\u00e4rtserfolg gegen TuRa Asseln die 3. Pokalrunde erreichen. <\/p>\n\n\n\n<p>Gegen den C-Ligisten gelang Christian Salk in der 17. Minute die 1:0 F\u00fchrung. Mit diesem Ergebnis ging es auch in die Halbzeitpause. Nach dem Seitenwechsel erh\u00f6hte Tomas Rucinskas auf 2:0. Der Gastgeber aus Asseln verk\u00fcrzte in der 63. Minute zwar auf 2:1, jedoch war es Viktor Pusch der in der 90. Minute mit dem 3:1 Endstand die n\u00e4chste Pokalrunde einl\u00e4utete. <br><\/p>\n\n\n\n<p>In der 3. Pokalrunde wartet der Westfalenligist FC Br\u00fcnninghausen auf die 1. Mannschaft. <\/p>\n","protected":false},"excerpt":{"rendered":"<p>Die 1. Mannschaft konnte am gestrigen Abend mit einem 3:1 Ausw\u00e4rtserfolg gegen TuRa Asseln die 3. Pokalrunde erreichen. Gegen den C-Ligisten gelang Christian Salk in der 17. Minute die 1:0 [&hellip;]<\/p>\n","protected":false},"author":2,"featured_media":593,"comment_status":"closed","ping_status":"open","sticky":false,"template":"","format":"standard","meta":{"_jetpack_memberships_contains_paid_content":false,"footnotes":""},"categories":[30,1],"tags":[],"class_list":["post-676","post","type-post","status-publish","format-standard","has-post-thumbnail","hentry","category-1-mannschaft","category-allgemein"],"jetpack_sharing_enabled":true,"jetpack_featured_media_url":"https:\/\/sv-koerne83.de\/wordpress\/wp-content\/uploads\/2019\/08\/2600FD29-C8DA-4D24-94D6-53CC7A0DDFED.jpeg","_links":{"self":[{"href":"https:\/\/sv-koerne83.de\/wordpress\/wp-json\/wp\/v2\/posts\/676","targetHints":{"allow":["GET"]}}],"collection":[{"href":"https:\/\/sv-koerne83.de\/wordpress\/wp-json\/wp\/v2\/posts"}],"about":[{"href":"https:\/\/sv-koerne83.de\/wordpress\/wp-json\/wp\/v2\/types\/post"}],"author":[{"embeddable":true,"href":"https:\/\/sv-koerne83.de\/wordpress\/wp-json\/wp\/v2\/users\/2"}],"replies":[{"embeddable":true,"href":"https:\/\/sv-koerne83.de\/wordpress\/wp-json\/wp\/v2\/comments?post=676"}],"version-history":[{"count":1,"href":"https:\/\/sv-koerne83.de\/wordpress\/wp-json\/wp\/v2\/posts\/676\/revisions"}],"predecessor-version":[{"id":677,"href":"https:\/\/sv-koerne83.de\/wordpress\/wp-json\/wp\/v2\/posts\/676\/revisions\/677"}],"wp:featuredmedia":[{"embeddable":true,"href":"https:\/\/sv-koerne83.de\/wordpress\/wp-json\/wp\/v2\/media\/593"}],"wp:attachment":[{"href":"https:\/\/sv-koerne83.de\/wordpress\/wp-json\/wp\/v2\/media?parent=676"}],"wp:term":[{"taxonomy":"category","embeddable":true,"href":"https:\/\/sv-koerne83.de\/wordpress\/wp-json\/wp\/v2\/categories?post=676"},{"taxonomy":"post_tag","embeddable":true,"href":"https:\/\/sv-koerne83.de\/wordpress\/wp-json\/wp\/v2\/tags?post=676"}],"curies":[{"name":"wp","href":"https:\/\/api.w.org\/{rel}","templated":true}]}}