{"id":678,"date":"2019-09-06T11:33:25","date_gmt":"2019-09-06T09:33:25","guid":{"rendered":"https:\/\/sv-koerne83.de\/wordpress\/?p=678"},"modified":"2019-09-06T11:33:25","modified_gmt":"2019-09-06T09:33:25","slug":"viele-spiele-am-samstag","status":"publish","type":"post","link":"https:\/\/sv-koerne83.de\/wordpress\/2019\/09\/06\/viele-spiele-am-samstag\/","title":{"rendered":"Viele Spiele am Samstag"},"content":{"rendered":"\n<p>Am morgigen Samstag gibt es f\u00fcr die Fans vom SV K\u00f6rne viele Spiele zu bewundern. Weitere Jugendmannschaften starten in die Saison und die Altherren-Mannschaft bestreitet ein Freundschaftsspiel. <\/p>\n\n\n\n<p>Die G-Jugend reist zu Mengede 08\/20. Ansto\u00df im Mengeder Volksgarten ist um 11.00 Uhr. <\/p>\n\n\n\n<p>Die F1-Jugend bestreitet ein Freundschaftsspiel gegen den Wambeler SV III. Ansto\u00df am Winkelriedweg ist um 11.00 Uhr. <\/p>\n\n\n\n<p>Die F2-Jugend spielt ausw\u00e4rts beim FC Wellinghofen II. Ansto\u00df am Hopmanns M\u00fchlenweg ist um 11.00 Uhr. <\/p>\n\n\n\n<p>Die F3-Jugend spielt bereits um 10.00 Uhr. Am Winkelriedweg trifft man auf Preu\u00dfen L\u00fcnen. <\/p>\n\n\n\n<p>Die E2-Jugend empf\u00e4ngt um 11.15 Uhr den Ortsnachbarn DJK TuS K\u00f6rne III. Gespielt wird ebenfalls am Winkelriedweg. <\/p>\n\n\n\n<p>Die E1-Jugend tritt ihr Ausw\u00e4rtsspiel beim FV Scharnhorst an. Ansto\u00df am Buschei ist um 13.15 Uhr. <\/p>\n\n\n\n<p>Die D-Jugend spielt gegen den VfL Schwerte II. Ansto\u00df an der Sch\u00fctzenstra\u00dfe in Schwerte ist um 11.30 Uhr. <\/p>\n\n\n\n<p>Die C-Jugend empf\u00e4ngt den TuS Eving Lindenhorst II. Ansto\u00df am Winkelriedweg ist um 12.45 Uhr. <br><\/p>\n\n\n\n<p>Den Abschluss an diesem Samstag machen die Altherren. Diese spielen um  14.30 Uhr ein Freundschaftsspiel gegen DJK BW Huckarde. Gespielt wird auf Bezirkssportanlage Huckarde (Arthur-Beringer-Stra\u00dfe).<\/p>\n","protected":false},"excerpt":{"rendered":"<p>Am morgigen Samstag gibt es f\u00fcr die Fans vom SV K\u00f6rne viele Spiele zu bewundern. Weitere Jugendmannschaften starten in die Saison und die Altherren-Mannschaft bestreitet ein Freundschaftsspiel. Die G-Jugend reist [&hellip;]<\/p>\n","protected":false},"author":2,"featured_media":621,"comment_status":"closed","ping_status":"open","sticky":false,"template":"","format":"standard","meta":{"_jetpack_memberships_contains_paid_content":false,"footnotes":""},"categories":[1,34,35],"tags":[],"class_list":["post-678","post","type-post","status-publish","format-standard","has-post-thumbnail","hentry","category-allgemein","category-alte-herren","category-jugend"],"jetpack_sharing_enabled":true,"jetpack_featured_media_url":"https:\/\/sv-koerne83.de\/wordpress\/wp-content\/uploads\/2019\/08\/202CE943-3C8F-4050-A873-A373FC735758.jpeg","_links":{"self":[{"href":"https:\/\/sv-koerne83.de\/wordpress\/wp-json\/wp\/v2\/posts\/678","targetHints":{"allow":["GET"]}}],"collection":[{"href":"https:\/\/sv-koerne83.de\/wordpress\/wp-json\/wp\/v2\/posts"}],"about":[{"href":"https:\/\/sv-koerne83.de\/wordpress\/wp-json\/wp\/v2\/types\/post"}],"author":[{"embeddable":true,"href":"https:\/\/sv-koerne83.de\/wordpress\/wp-json\/wp\/v2\/users\/2"}],"replies":[{"embeddable":true,"href":"https:\/\/sv-koerne83.de\/wordpress\/wp-json\/wp\/v2\/comments?post=678"}],"version-history":[{"count":1,"href":"https:\/\/sv-koerne83.de\/wordpress\/wp-json\/wp\/v2\/posts\/678\/revisions"}],"predecessor-version":[{"id":679,"href":"https:\/\/sv-koerne83.de\/wordpress\/wp-json\/wp\/v2\/posts\/678\/revisions\/679"}],"wp:featuredmedia":[{"embeddable":true,"href":"https:\/\/sv-koerne83.de\/wordpress\/wp-json\/wp\/v2\/media\/621"}],"wp:attachment":[{"href":"https:\/\/sv-koerne83.de\/wordpress\/wp-json\/wp\/v2\/media?parent=678"}],"wp:term":[{"taxonomy":"category","embeddable":true,"href":"https:\/\/sv-koerne83.de\/wordpress\/wp-json\/wp\/v2\/categories?post=678"},{"taxonomy":"post_tag","embeddable":true,"href":"https:\/\/sv-koerne83.de\/wordpress\/wp-json\/wp\/v2\/tags?post=678"}],"curies":[{"name":"wp","href":"https:\/\/api.w.org\/{rel}","templated":true}]}}