{"id":680,"date":"2019-09-06T15:00:30","date_gmt":"2019-09-06T13:00:30","guid":{"rendered":"https:\/\/sv-koerne83.de\/wordpress\/?p=680"},"modified":"2019-09-06T12:02:20","modified_gmt":"2019-09-06T10:02:20","slug":"a-und-b-jugend-startet-in-die-saison","status":"publish","type":"post","link":"https:\/\/sv-koerne83.de\/wordpress\/2019\/09\/06\/a-und-b-jugend-startet-in-die-saison\/","title":{"rendered":"A- und B-Jugend startet in die Saison"},"content":{"rendered":"\n<p>An diesem Sonntag starten unsere B-Jugend und unsere A-Jugend mit den Meisterschaftspielen. Die B-Jugend tritt in der Kreisliga C zuerst beim VfL Schwerte an. Ansto\u00df an der Sch\u00fctzenstra\u00dfe in Schwerte ist um 11.00 Uhr.  Die A-Jugend empf\u00e4ngt in der Kreisliga B den FC Wellinghofen. Ansto\u00df am Winkelriedweg ist ebenfalls um 11.00 Uhr.<\/p>\n","protected":false},"excerpt":{"rendered":"<p>An diesem Sonntag starten unsere B-Jugend und unsere A-Jugend mit den Meisterschaftspielen. Die B-Jugend tritt in der Kreisliga C zuerst beim VfL Schwerte an. Ansto\u00df an der Sch\u00fctzenstra\u00dfe in Schwerte [&hellip;]<\/p>\n","protected":false},"author":2,"featured_media":72,"comment_status":"closed","ping_status":"open","sticky":false,"template":"","format":"standard","meta":{"_jetpack_memberships_contains_paid_content":false,"footnotes":""},"categories":[1,35],"tags":[],"class_list":["post-680","post","type-post","status-publish","format-standard","has-post-thumbnail","hentry","category-allgemein","category-jugend"],"jetpack_sharing_enabled":true,"jetpack_featured_media_url":"https:\/\/sv-koerne83.de\/wordpress\/wp-content\/uploads\/2019\/06\/Fotolia_127347038_XS.jpg","_links":{"self":[{"href":"https:\/\/sv-koerne83.de\/wordpress\/wp-json\/wp\/v2\/posts\/680","targetHints":{"allow":["GET"]}}],"collection":[{"href":"https:\/\/sv-koerne83.de\/wordpress\/wp-json\/wp\/v2\/posts"}],"about":[{"href":"https:\/\/sv-koerne83.de\/wordpress\/wp-json\/wp\/v2\/types\/post"}],"author":[{"embeddable":true,"href":"https:\/\/sv-koerne83.de\/wordpress\/wp-json\/wp\/v2\/users\/2"}],"replies":[{"embeddable":true,"href":"https:\/\/sv-koerne83.de\/wordpress\/wp-json\/wp\/v2\/comments?post=680"}],"version-history":[{"count":1,"href":"https:\/\/sv-koerne83.de\/wordpress\/wp-json\/wp\/v2\/posts\/680\/revisions"}],"predecessor-version":[{"id":681,"href":"https:\/\/sv-koerne83.de\/wordpress\/wp-json\/wp\/v2\/posts\/680\/revisions\/681"}],"wp:featuredmedia":[{"embeddable":true,"href":"https:\/\/sv-koerne83.de\/wordpress\/wp-json\/wp\/v2\/media\/72"}],"wp:attachment":[{"href":"https:\/\/sv-koerne83.de\/wordpress\/wp-json\/wp\/v2\/media?parent=680"}],"wp:term":[{"taxonomy":"category","embeddable":true,"href":"https:\/\/sv-koerne83.de\/wordpress\/wp-json\/wp\/v2\/categories?post=680"},{"taxonomy":"post_tag","embeddable":true,"href":"https:\/\/sv-koerne83.de\/wordpress\/wp-json\/wp\/v2\/tags?post=680"}],"curies":[{"name":"wp","href":"https:\/\/api.w.org\/{rel}","templated":true}]}}