{"id":724,"date":"2019-09-11T07:48:58","date_gmt":"2019-09-11T05:48:58","guid":{"rendered":"https:\/\/sv-koerne83.de\/wordpress\/?p=724"},"modified":"2019-09-11T07:48:59","modified_gmt":"2019-09-11T05:48:59","slug":"kreispokaltage","status":"publish","type":"post","link":"https:\/\/sv-koerne83.de\/wordpress\/2019\/09\/11\/kreispokaltage\/","title":{"rendered":"Kreispokaltage"},"content":{"rendered":"\n<p>Heute und morgen steht f\u00fcr einige Jugendmannschaften die erste Kreispokalrunde auf dem Programm. <\/p>\n\n\n\n<p>Die A-Jugend empf\u00e4ngt heute den Hombrucher SV. Ansto\u00df am Winkelriedweg ist um 18.30 Uhr. <\/p>\n\n\n\n<p>Die B-Jugend reist am heutigen Mittwoch zum Wambeler SV. Ansto\u00df an der Sendstra\u00dfe ist um 18.30 Uhr. <\/p>\n\n\n\n<p>Die C-Jugend empf\u00e4ngt am morgigen Donnerstag DJK Westfalia Kirchlinde. Ansto\u00df am Winkelriedweg ist um 18.00 Uhr. Allen Mannschaften viel Erfolg!<\/p>\n","protected":false},"excerpt":{"rendered":"<p>Heute und morgen steht f\u00fcr einige Jugendmannschaften die erste Kreispokalrunde auf dem Programm. Die A-Jugend empf\u00e4ngt heute den Hombrucher SV. Ansto\u00df am Winkelriedweg ist um 18.30 Uhr. Die B-Jugend reist [&hellip;]<\/p>\n","protected":false},"author":2,"featured_media":593,"comment_status":"closed","ping_status":"open","sticky":false,"template":"","format":"standard","meta":{"_jetpack_memberships_contains_paid_content":false,"footnotes":""},"categories":[1,35],"tags":[],"class_list":["post-724","post","type-post","status-publish","format-standard","has-post-thumbnail","hentry","category-allgemein","category-jugend"],"jetpack_sharing_enabled":true,"jetpack_featured_media_url":"https:\/\/sv-koerne83.de\/wordpress\/wp-content\/uploads\/2019\/08\/2600FD29-C8DA-4D24-94D6-53CC7A0DDFED.jpeg","_links":{"self":[{"href":"https:\/\/sv-koerne83.de\/wordpress\/wp-json\/wp\/v2\/posts\/724","targetHints":{"allow":["GET"]}}],"collection":[{"href":"https:\/\/sv-koerne83.de\/wordpress\/wp-json\/wp\/v2\/posts"}],"about":[{"href":"https:\/\/sv-koerne83.de\/wordpress\/wp-json\/wp\/v2\/types\/post"}],"author":[{"embeddable":true,"href":"https:\/\/sv-koerne83.de\/wordpress\/wp-json\/wp\/v2\/users\/2"}],"replies":[{"embeddable":true,"href":"https:\/\/sv-koerne83.de\/wordpress\/wp-json\/wp\/v2\/comments?post=724"}],"version-history":[{"count":1,"href":"https:\/\/sv-koerne83.de\/wordpress\/wp-json\/wp\/v2\/posts\/724\/revisions"}],"predecessor-version":[{"id":725,"href":"https:\/\/sv-koerne83.de\/wordpress\/wp-json\/wp\/v2\/posts\/724\/revisions\/725"}],"wp:featuredmedia":[{"embeddable":true,"href":"https:\/\/sv-koerne83.de\/wordpress\/wp-json\/wp\/v2\/media\/593"}],"wp:attachment":[{"href":"https:\/\/sv-koerne83.de\/wordpress\/wp-json\/wp\/v2\/media?parent=724"}],"wp:term":[{"taxonomy":"category","embeddable":true,"href":"https:\/\/sv-koerne83.de\/wordpress\/wp-json\/wp\/v2\/categories?post=724"},{"taxonomy":"post_tag","embeddable":true,"href":"https:\/\/sv-koerne83.de\/wordpress\/wp-json\/wp\/v2\/tags?post=724"}],"curies":[{"name":"wp","href":"https:\/\/api.w.org\/{rel}","templated":true}]}}