{"id":737,"date":"2019-09-14T10:00:34","date_gmt":"2019-09-14T08:00:34","guid":{"rendered":"https:\/\/sv-koerne83.de\/wordpress\/?p=737"},"modified":"2019-09-13T10:27:53","modified_gmt":"2019-09-13T08:27:53","slug":"topspiel-fuer-die-1-mannschaft","status":"publish","type":"post","link":"https:\/\/sv-koerne83.de\/wordpress\/2019\/09\/14\/topspiel-fuer-die-1-mannschaft\/","title":{"rendered":"Topspiel f\u00fcr die 1. Mannschaft"},"content":{"rendered":"\n<p>Die 1. Mannschaft trifft am morgigen Sonntag auf den SF Brackel 61 II. Die Dortmunder L\u00f6wen befinden sich aktuell auf dem 2. Tabellenplatz und liegen 3 Punkte hinter dem Team von Trainer Viktor Pusch. Ansto\u00df am Brauksweg ist um 13.00 Uhr. <br><\/p>\n\n\n\n<p>Die 2. Mannschaft reist zu Viktoria Kirchderne III. Nach dem Erfolg am letzten Sonntag geht es f\u00fcr die Mannschaft darum, an der positiven Spielweise anzukn\u00fcpfen um erneut 3 Punkte einzufahren. Ansto\u00df an der Derner Stra\u00dfe ist um 13.00 Uhr. <br><\/p>\n\n\n\n<p>Die 3. Mannschaft empf\u00e4ngt die BSG DSW21\/DEW21. Nach zuletzt 2 Niederlagen ben\u00f6tigt die Mannschaft einen Sieg, um nicht komplett im Tabellenmittelfeld zu versinken. Ansto\u00df am Winkelriedweg ist um 15.00 Uhr. <br><\/p>\n\n\n\n<p>Die 4. Mannschaft spielt gegen den BSV Sch\u00fcren III. Die Sch\u00fcrener belegen aktuell den 10. Tabellenplatz und konnten in dieser Saison erst 3 Punkte holen. Ansto\u00df am Winkelriedweg ist um 13.00 Uhr. <\/p>\n","protected":false},"excerpt":{"rendered":"<p>Die 1. Mannschaft trifft am morgigen Sonntag auf den SF Brackel 61 II. Die Dortmunder L\u00f6wen befinden sich aktuell auf dem 2. Tabellenplatz und liegen 3 Punkte hinter dem Team [&hellip;]<\/p>\n","protected":false},"author":2,"featured_media":636,"comment_status":"closed","ping_status":"open","sticky":false,"template":"","format":"standard","meta":{"_jetpack_memberships_contains_paid_content":false,"footnotes":""},"categories":[30,31,32,33,1],"tags":[],"class_list":["post-737","post","type-post","status-publish","format-standard","has-post-thumbnail","hentry","category-1-mannschaft","category-2-mannschaft","category-3-mannschaft","category-4-mannschaft","category-allgemein"],"jetpack_sharing_enabled":true,"jetpack_featured_media_url":"https:\/\/sv-koerne83.de\/wordpress\/wp-content\/uploads\/2019\/08\/77E993B1-5477-4ACA-911C-6CE379BDCA33.jpeg","_links":{"self":[{"href":"https:\/\/sv-koerne83.de\/wordpress\/wp-json\/wp\/v2\/posts\/737","targetHints":{"allow":["GET"]}}],"collection":[{"href":"https:\/\/sv-koerne83.de\/wordpress\/wp-json\/wp\/v2\/posts"}],"about":[{"href":"https:\/\/sv-koerne83.de\/wordpress\/wp-json\/wp\/v2\/types\/post"}],"author":[{"embeddable":true,"href":"https:\/\/sv-koerne83.de\/wordpress\/wp-json\/wp\/v2\/users\/2"}],"replies":[{"embeddable":true,"href":"https:\/\/sv-koerne83.de\/wordpress\/wp-json\/wp\/v2\/comments?post=737"}],"version-history":[{"count":1,"href":"https:\/\/sv-koerne83.de\/wordpress\/wp-json\/wp\/v2\/posts\/737\/revisions"}],"predecessor-version":[{"id":738,"href":"https:\/\/sv-koerne83.de\/wordpress\/wp-json\/wp\/v2\/posts\/737\/revisions\/738"}],"wp:featuredmedia":[{"embeddable":true,"href":"https:\/\/sv-koerne83.de\/wordpress\/wp-json\/wp\/v2\/media\/636"}],"wp:attachment":[{"href":"https:\/\/sv-koerne83.de\/wordpress\/wp-json\/wp\/v2\/media?parent=737"}],"wp:term":[{"taxonomy":"category","embeddable":true,"href":"https:\/\/sv-koerne83.de\/wordpress\/wp-json\/wp\/v2\/categories?post=737"},{"taxonomy":"post_tag","embeddable":true,"href":"https:\/\/sv-koerne83.de\/wordpress\/wp-json\/wp\/v2\/tags?post=737"}],"curies":[{"name":"wp","href":"https:\/\/api.w.org\/{rel}","templated":true}]}}