{"id":741,"date":"2019-09-16T09:30:47","date_gmt":"2019-09-16T07:30:47","guid":{"rendered":"https:\/\/sv-koerne83.de\/wordpress\/?p=741"},"modified":"2019-09-16T08:42:51","modified_gmt":"2019-09-16T06:42:51","slug":"1-mannschaft-siegt-in-brackel","status":"publish","type":"post","link":"https:\/\/sv-koerne83.de\/wordpress\/2019\/09\/16\/1-mannschaft-siegt-in-brackel\/","title":{"rendered":"1. Mannschaft siegt in Brackel"},"content":{"rendered":"\n<p>Mit einem hart umk\u00e4mpften 2:1 Ausw\u00e4rtserfolg bei SF Brackel 61 II verteidigt die 1. Mannschaft die Tabellenf\u00fchrung und bleibt weiterhin ohne Punktverlust. In der 7. Minute brachte Tim Exner die K\u00f6rner mit 1:0 in F\u00fchrung. Mit diesem Ergebnis ging es auch in die Halbzeitpause. Nach der Pause konnten die Dortmunder L\u00f6wen durch einen Elfmeter zum 1:1 ausgleichen. In der 83. Minute erzielte Christian Salk den 2:1 Siegtreffer. <br><\/p>\n\n\n\n<p>Die 2. Mannschaft gewann bei Viktoria Kirchderne III mit 8:4. Falco Lieschke trug sich mit 3 Treffern in die Torsch\u00fctzenliste ein. Fabian Wangerowski und Nico Starke trafen jeweils 2 Mal. Maxi Nickel konnte mit seinem Treffer den 8:4 Endstand markieren. <br><\/p>\n\n\n\n<p>Die 3. Mannschaft verlor ihr Heimspiel gegen DSW21\/DEW21 mit 3:2. Suzan Hamo und Omar Tirsatine trafen f\u00fcr die K\u00f6rner. <br><\/p>\n\n\n\n<p>Die 4. Mannschaft verlor gegen den BSV Sch\u00fcren III mit 6:2. Die Niederlage hat einen bitteren Beigeschmack, denn mit einem Sieg w\u00e4re man wieder auf den 2. Tabellenplatz gesprungen. Aktuell liegt die Mannschaft auf dem Tabellenplatz 4. <\/p>\n","protected":false},"excerpt":{"rendered":"<p>Mit einem hart umk\u00e4mpften 2:1 Ausw\u00e4rtserfolg bei SF Brackel 61 II verteidigt die 1. Mannschaft die Tabellenf\u00fchrung und bleibt weiterhin ohne Punktverlust. In der 7. Minute brachte Tim Exner die [&hellip;]<\/p>\n","protected":false},"author":2,"featured_media":742,"comment_status":"closed","ping_status":"open","sticky":false,"template":"","format":"standard","meta":{"_jetpack_memberships_contains_paid_content":false,"footnotes":""},"categories":[30,31,32,33,1],"tags":[],"class_list":["post-741","post","type-post","status-publish","format-standard","has-post-thumbnail","hentry","category-1-mannschaft","category-2-mannschaft","category-3-mannschaft","category-4-mannschaft","category-allgemein"],"jetpack_sharing_enabled":true,"jetpack_featured_media_url":"https:\/\/sv-koerne83.de\/wordpress\/wp-content\/uploads\/2019\/09\/svk_dsw.jpg","_links":{"self":[{"href":"https:\/\/sv-koerne83.de\/wordpress\/wp-json\/wp\/v2\/posts\/741","targetHints":{"allow":["GET"]}}],"collection":[{"href":"https:\/\/sv-koerne83.de\/wordpress\/wp-json\/wp\/v2\/posts"}],"about":[{"href":"https:\/\/sv-koerne83.de\/wordpress\/wp-json\/wp\/v2\/types\/post"}],"author":[{"embeddable":true,"href":"https:\/\/sv-koerne83.de\/wordpress\/wp-json\/wp\/v2\/users\/2"}],"replies":[{"embeddable":true,"href":"https:\/\/sv-koerne83.de\/wordpress\/wp-json\/wp\/v2\/comments?post=741"}],"version-history":[{"count":1,"href":"https:\/\/sv-koerne83.de\/wordpress\/wp-json\/wp\/v2\/posts\/741\/revisions"}],"predecessor-version":[{"id":743,"href":"https:\/\/sv-koerne83.de\/wordpress\/wp-json\/wp\/v2\/posts\/741\/revisions\/743"}],"wp:featuredmedia":[{"embeddable":true,"href":"https:\/\/sv-koerne83.de\/wordpress\/wp-json\/wp\/v2\/media\/742"}],"wp:attachment":[{"href":"https:\/\/sv-koerne83.de\/wordpress\/wp-json\/wp\/v2\/media?parent=741"}],"wp:term":[{"taxonomy":"category","embeddable":true,"href":"https:\/\/sv-koerne83.de\/wordpress\/wp-json\/wp\/v2\/categories?post=741"},{"taxonomy":"post_tag","embeddable":true,"href":"https:\/\/sv-koerne83.de\/wordpress\/wp-json\/wp\/v2\/tags?post=741"}],"curies":[{"name":"wp","href":"https:\/\/api.w.org\/{rel}","templated":true}]}}