{"id":750,"date":"2019-09-20T10:00:38","date_gmt":"2019-09-20T08:00:38","guid":{"rendered":"https:\/\/sv-koerne83.de\/wordpress\/?p=750"},"modified":"2019-09-19T15:51:07","modified_gmt":"2019-09-19T13:51:07","slug":"die-jugendspiele-fuers-wochenende","status":"publish","type":"post","link":"https:\/\/sv-koerne83.de\/wordpress\/2019\/09\/20\/die-jugendspiele-fuers-wochenende\/","title":{"rendered":"Die Jugendspiele f\u00fcrs Wochenende"},"content":{"rendered":"\n<p>An diesem Wochenende gehen wieder einige Jugendmannschaften auf Punktejagd. Die G-Jugend reist am Samstag zu den Sportfreunden aus Nette. Ansto\u00df an der Stra\u00dfe &#8222;Zum Hallenbad&#8220; ist um 10.00 Uhr. Die F3-Jugend spielt gegen Viktoria Kirchderne. Ansto\u00df am Winkelriedweg ist um 10.00 Uhr. Die F1-Jugend empf\u00e4ngt den SV Berghofen. Ebenfalls ist um 10.00 Uhr Ansto\u00df am Winkelriedweg. Um 11.15 trifft die E2-Jugend auf den VfR S\u00f6lde. Die E1-Jugend spielt zur selben Zeit gegen den Wambeler SV II. Beide Spiele werden am Winkelriedweg angepfiffen. Die C-Jugend reist zum SF Brackel 61. Ansto\u00df am Brauksweg ist um 14.00 Uhr. <br><\/p>\n\n\n\n<p>Am Sonntag empf\u00e4ngt die A-Jugend den H\u00f6rder SC. Ansto\u00df am Winkelriedweg ist um 11.00 Uhr.  <\/p>\n","protected":false},"excerpt":{"rendered":"<p>An diesem Wochenende gehen wieder einige Jugendmannschaften auf Punktejagd. Die G-Jugend reist am Samstag zu den Sportfreunden aus Nette. Ansto\u00df an der Stra\u00dfe &#8222;Zum Hallenbad&#8220; ist um 10.00 Uhr. Die [&hellip;]<\/p>\n","protected":false},"author":2,"featured_media":647,"comment_status":"closed","ping_status":"open","sticky":false,"template":"","format":"standard","meta":{"_jetpack_memberships_contains_paid_content":false,"footnotes":""},"categories":[1,35],"tags":[],"class_list":["post-750","post","type-post","status-publish","format-standard","has-post-thumbnail","hentry","category-allgemein","category-jugend"],"jetpack_sharing_enabled":true,"jetpack_featured_media_url":"https:\/\/sv-koerne83.de\/wordpress\/wp-content\/uploads\/2019\/08\/453759B1-27EF-4771-8F44-D80E274192BF.jpeg","_links":{"self":[{"href":"https:\/\/sv-koerne83.de\/wordpress\/wp-json\/wp\/v2\/posts\/750","targetHints":{"allow":["GET"]}}],"collection":[{"href":"https:\/\/sv-koerne83.de\/wordpress\/wp-json\/wp\/v2\/posts"}],"about":[{"href":"https:\/\/sv-koerne83.de\/wordpress\/wp-json\/wp\/v2\/types\/post"}],"author":[{"embeddable":true,"href":"https:\/\/sv-koerne83.de\/wordpress\/wp-json\/wp\/v2\/users\/2"}],"replies":[{"embeddable":true,"href":"https:\/\/sv-koerne83.de\/wordpress\/wp-json\/wp\/v2\/comments?post=750"}],"version-history":[{"count":1,"href":"https:\/\/sv-koerne83.de\/wordpress\/wp-json\/wp\/v2\/posts\/750\/revisions"}],"predecessor-version":[{"id":751,"href":"https:\/\/sv-koerne83.de\/wordpress\/wp-json\/wp\/v2\/posts\/750\/revisions\/751"}],"wp:featuredmedia":[{"embeddable":true,"href":"https:\/\/sv-koerne83.de\/wordpress\/wp-json\/wp\/v2\/media\/647"}],"wp:attachment":[{"href":"https:\/\/sv-koerne83.de\/wordpress\/wp-json\/wp\/v2\/media?parent=750"}],"wp:term":[{"taxonomy":"category","embeddable":true,"href":"https:\/\/sv-koerne83.de\/wordpress\/wp-json\/wp\/v2\/categories?post=750"},{"taxonomy":"post_tag","embeddable":true,"href":"https:\/\/sv-koerne83.de\/wordpress\/wp-json\/wp\/v2\/tags?post=750"}],"curies":[{"name":"wp","href":"https:\/\/api.w.org\/{rel}","templated":true}]}}