{"id":756,"date":"2019-09-21T20:52:08","date_gmt":"2019-09-21T18:52:08","guid":{"rendered":"https:\/\/sv-koerne83.de\/wordpress\/?p=756"},"modified":"2019-09-21T20:52:08","modified_gmt":"2019-09-21T18:52:08","slug":"e-jugend-mit-kantersieg","status":"publish","type":"post","link":"https:\/\/sv-koerne83.de\/wordpress\/2019\/09\/21\/e-jugend-mit-kantersieg\/","title":{"rendered":"E-Jugend mit Kantersieg"},"content":{"rendered":"\n<p>Die E1-Jugend gewinnt haushoch, die E2-Jugend verliert deutlich und die C-Jugend siegt ausw\u00e4rts. <\/p>\n\n\n\n<p>Die E1-Jugend konnte ihr Heimspiel gegen den Wambeler SV II mit 20:3 gewinnen. Zur Halbzeit f\u00fchrte die Mannschaft von Matth\u00e4us Lupa bereits mit 12:1. In der 2. H\u00e4lfte blieben die K\u00f6rner \u00fcberlegen. <\/p>\n\n\n\n<p>Die E2-Jugend verlor gegen den VfR S\u00f6lde mit 15:0. Die S\u00f6lder waren klar \u00fcberlegen und so gab es leider an diesem Wochenende keine Punkte f\u00fcr die Mannschaft von Trainerin Rita Usang zu holen. <\/p>\n\n\n\n<p>Die C-Jugend gewinnt ihr Ausw\u00e4rtsspiel gegen den SF Brackel 61 mit 2:0. In der 1. Halbzeit gingen die K\u00f6rner mit 1:0 in F\u00fchrung. Kurz vor dem Abpfiff konnte das entscheidende 2:0 erzielt werden. <\/p>\n","protected":false},"excerpt":{"rendered":"<p>Die E1-Jugend gewinnt haushoch, die E2-Jugend verliert deutlich und die C-Jugend siegt ausw\u00e4rts. Die E1-Jugend konnte ihr Heimspiel gegen den Wambeler SV II mit 20:3 gewinnen. Zur Halbzeit f\u00fchrte die [&hellip;]<\/p>\n","protected":false},"author":2,"featured_media":757,"comment_status":"closed","ping_status":"open","sticky":false,"template":"","format":"standard","meta":{"_jetpack_memberships_contains_paid_content":false,"footnotes":""},"categories":[1,35],"tags":[],"class_list":["post-756","post","type-post","status-publish","format-standard","has-post-thumbnail","hentry","category-allgemein","category-jugend"],"jetpack_sharing_enabled":true,"jetpack_featured_media_url":"https:\/\/sv-koerne83.de\/wordpress\/wp-content\/uploads\/2019\/09\/3B055FFB-1AFF-4BC8-ABB1-C1A6029D5FF4.jpeg","_links":{"self":[{"href":"https:\/\/sv-koerne83.de\/wordpress\/wp-json\/wp\/v2\/posts\/756","targetHints":{"allow":["GET"]}}],"collection":[{"href":"https:\/\/sv-koerne83.de\/wordpress\/wp-json\/wp\/v2\/posts"}],"about":[{"href":"https:\/\/sv-koerne83.de\/wordpress\/wp-json\/wp\/v2\/types\/post"}],"author":[{"embeddable":true,"href":"https:\/\/sv-koerne83.de\/wordpress\/wp-json\/wp\/v2\/users\/2"}],"replies":[{"embeddable":true,"href":"https:\/\/sv-koerne83.de\/wordpress\/wp-json\/wp\/v2\/comments?post=756"}],"version-history":[{"count":1,"href":"https:\/\/sv-koerne83.de\/wordpress\/wp-json\/wp\/v2\/posts\/756\/revisions"}],"predecessor-version":[{"id":758,"href":"https:\/\/sv-koerne83.de\/wordpress\/wp-json\/wp\/v2\/posts\/756\/revisions\/758"}],"wp:featuredmedia":[{"embeddable":true,"href":"https:\/\/sv-koerne83.de\/wordpress\/wp-json\/wp\/v2\/media\/757"}],"wp:attachment":[{"href":"https:\/\/sv-koerne83.de\/wordpress\/wp-json\/wp\/v2\/media?parent=756"}],"wp:term":[{"taxonomy":"category","embeddable":true,"href":"https:\/\/sv-koerne83.de\/wordpress\/wp-json\/wp\/v2\/categories?post=756"},{"taxonomy":"post_tag","embeddable":true,"href":"https:\/\/sv-koerne83.de\/wordpress\/wp-json\/wp\/v2\/tags?post=756"}],"curies":[{"name":"wp","href":"https:\/\/api.w.org\/{rel}","templated":true}]}}