{"id":759,"date":"2019-09-22T13:30:02","date_gmt":"2019-09-22T11:30:02","guid":{"rendered":"https:\/\/sv-koerne83.de\/wordpress\/?p=759"},"modified":"2019-09-22T13:30:02","modified_gmt":"2019-09-22T11:30:02","slug":"a-jugend-verliert-gegen-hoerde","status":"publish","type":"post","link":"https:\/\/sv-koerne83.de\/wordpress\/2019\/09\/22\/a-jugend-verliert-gegen-hoerde\/","title":{"rendered":"A-Jugend verliert gegen H\u00f6rde"},"content":{"rendered":"\n<p>Die A-Jugend verliert ihr Meisterschaftsspiel gegen den H\u00f6rder SC. In der 20. Minute traf der Gast zum 1:0. 8 Minuten sp\u00e4ter konnte Paul Nolte den 1:1 Ausgleich erzielen. H\u00f6rde egalisierte den Ausgleich recht schnell und ging mit einer 3:1 F\u00fchrung in die Pause. Zwei weitere Gegentreffer in der Schlussphase besiegelten die K\u00f6rner Niederlage. <\/p>\n","protected":false},"excerpt":{"rendered":"<p>Die A-Jugend verliert ihr Meisterschaftsspiel gegen den H\u00f6rder SC. In der 20. Minute traf der Gast zum 1:0. 8 Minuten sp\u00e4ter konnte Paul Nolte den 1:1 Ausgleich erzielen. H\u00f6rde egalisierte [&hellip;]<\/p>\n","protected":false},"author":2,"featured_media":760,"comment_status":"closed","ping_status":"open","sticky":false,"template":"","format":"standard","meta":{"_jetpack_memberships_contains_paid_content":false,"footnotes":""},"categories":[1,35],"tags":[],"class_list":["post-759","post","type-post","status-publish","format-standard","has-post-thumbnail","hentry","category-allgemein","category-jugend"],"jetpack_sharing_enabled":true,"jetpack_featured_media_url":"https:\/\/sv-koerne83.de\/wordpress\/wp-content\/uploads\/2019\/09\/B24ADD20-906B-4669-9377-8630546520CA.jpeg","_links":{"self":[{"href":"https:\/\/sv-koerne83.de\/wordpress\/wp-json\/wp\/v2\/posts\/759","targetHints":{"allow":["GET"]}}],"collection":[{"href":"https:\/\/sv-koerne83.de\/wordpress\/wp-json\/wp\/v2\/posts"}],"about":[{"href":"https:\/\/sv-koerne83.de\/wordpress\/wp-json\/wp\/v2\/types\/post"}],"author":[{"embeddable":true,"href":"https:\/\/sv-koerne83.de\/wordpress\/wp-json\/wp\/v2\/users\/2"}],"replies":[{"embeddable":true,"href":"https:\/\/sv-koerne83.de\/wordpress\/wp-json\/wp\/v2\/comments?post=759"}],"version-history":[{"count":1,"href":"https:\/\/sv-koerne83.de\/wordpress\/wp-json\/wp\/v2\/posts\/759\/revisions"}],"predecessor-version":[{"id":761,"href":"https:\/\/sv-koerne83.de\/wordpress\/wp-json\/wp\/v2\/posts\/759\/revisions\/761"}],"wp:featuredmedia":[{"embeddable":true,"href":"https:\/\/sv-koerne83.de\/wordpress\/wp-json\/wp\/v2\/media\/760"}],"wp:attachment":[{"href":"https:\/\/sv-koerne83.de\/wordpress\/wp-json\/wp\/v2\/media?parent=759"}],"wp:term":[{"taxonomy":"category","embeddable":true,"href":"https:\/\/sv-koerne83.de\/wordpress\/wp-json\/wp\/v2\/categories?post=759"},{"taxonomy":"post_tag","embeddable":true,"href":"https:\/\/sv-koerne83.de\/wordpress\/wp-json\/wp\/v2\/tags?post=759"}],"curies":[{"name":"wp","href":"https:\/\/api.w.org\/{rel}","templated":true}]}}