{"id":768,"date":"2019-09-24T09:05:01","date_gmt":"2019-09-24T07:05:01","guid":{"rendered":"https:\/\/sv-koerne83.de\/wordpress\/?p=768"},"modified":"2019-09-24T09:05:02","modified_gmt":"2019-09-24T07:05:02","slug":"b-jugend-im-pokal-achtelfinale","status":"publish","type":"post","link":"https:\/\/sv-koerne83.de\/wordpress\/2019\/09\/24\/b-jugend-im-pokal-achtelfinale\/","title":{"rendered":"B-Jugend im Pokal-Achtelfinale"},"content":{"rendered":"\n<p>Die B-Jugend spielt heute ihr Pokal-Achtelfinale gegen die SG L\u00fctgendortmund. Die L\u00fctgendortmunder konnten in der Hauptrunde den SF Hafenwiese mit 15:0 besiegen. Unser B-Jugend schlug den Wambeler SV mit 9:7 n.E. Ansto\u00df am Sportplatz Crengeldanz (Idastra\u00dfe) ist um 18.30 Uhr. <\/p>\n\n\n\n<p>Auch zwei F-Jugendmannschaften bestreiten heute ein vorgezogenes Meisterschaftsspiel. Die F2-Jugend empf\u00e4ngt den SF Brackel 61 IV. Ansto\u00df am Winkelriedweg ist um 17.00 Uhr. Die F1-Jugend reist zum BSV Sch\u00fcren. Ansto\u00df an der Sch\u00fcrener Stra\u00dfe ist um 17.30 Uhr. <\/p>\n","protected":false},"excerpt":{"rendered":"<p>Die B-Jugend spielt heute ihr Pokal-Achtelfinale gegen die SG L\u00fctgendortmund. Die L\u00fctgendortmunder konnten in der Hauptrunde den SF Hafenwiese mit 15:0 besiegen. Unser B-Jugend schlug den Wambeler SV mit 9:7 [&hellip;]<\/p>\n","protected":false},"author":2,"featured_media":621,"comment_status":"closed","ping_status":"open","sticky":false,"template":"","format":"standard","meta":{"_jetpack_memberships_contains_paid_content":false,"footnotes":""},"categories":[1,35],"tags":[],"class_list":["post-768","post","type-post","status-publish","format-standard","has-post-thumbnail","hentry","category-allgemein","category-jugend"],"jetpack_sharing_enabled":true,"jetpack_featured_media_url":"https:\/\/sv-koerne83.de\/wordpress\/wp-content\/uploads\/2019\/08\/202CE943-3C8F-4050-A873-A373FC735758.jpeg","_links":{"self":[{"href":"https:\/\/sv-koerne83.de\/wordpress\/wp-json\/wp\/v2\/posts\/768","targetHints":{"allow":["GET"]}}],"collection":[{"href":"https:\/\/sv-koerne83.de\/wordpress\/wp-json\/wp\/v2\/posts"}],"about":[{"href":"https:\/\/sv-koerne83.de\/wordpress\/wp-json\/wp\/v2\/types\/post"}],"author":[{"embeddable":true,"href":"https:\/\/sv-koerne83.de\/wordpress\/wp-json\/wp\/v2\/users\/2"}],"replies":[{"embeddable":true,"href":"https:\/\/sv-koerne83.de\/wordpress\/wp-json\/wp\/v2\/comments?post=768"}],"version-history":[{"count":1,"href":"https:\/\/sv-koerne83.de\/wordpress\/wp-json\/wp\/v2\/posts\/768\/revisions"}],"predecessor-version":[{"id":769,"href":"https:\/\/sv-koerne83.de\/wordpress\/wp-json\/wp\/v2\/posts\/768\/revisions\/769"}],"wp:featuredmedia":[{"embeddable":true,"href":"https:\/\/sv-koerne83.de\/wordpress\/wp-json\/wp\/v2\/media\/621"}],"wp:attachment":[{"href":"https:\/\/sv-koerne83.de\/wordpress\/wp-json\/wp\/v2\/media?parent=768"}],"wp:term":[{"taxonomy":"category","embeddable":true,"href":"https:\/\/sv-koerne83.de\/wordpress\/wp-json\/wp\/v2\/categories?post=768"},{"taxonomy":"post_tag","embeddable":true,"href":"https:\/\/sv-koerne83.de\/wordpress\/wp-json\/wp\/v2\/tags?post=768"}],"curies":[{"name":"wp","href":"https:\/\/api.w.org\/{rel}","templated":true}]}}