{"id":771,"date":"2019-09-24T14:00:47","date_gmt":"2019-09-24T12:00:47","guid":{"rendered":"https:\/\/sv-koerne83.de\/wordpress\/?p=771"},"modified":"2019-09-24T13:38:01","modified_gmt":"2019-09-24T11:38:01","slug":"plaene-zum-jahresende","status":"publish","type":"post","link":"https:\/\/sv-koerne83.de\/wordpress\/2019\/09\/24\/plaene-zum-jahresende\/","title":{"rendered":"Pl\u00e4ne zum Jahresende"},"content":{"rendered":"\n<p>Liebe Vereinsmitglieder,<\/p>\n\n\n\n<p>bevor sich das Jahr 2019 dem Ende neigt, m\u00f6chte der\nVerein noch 3 Dinge realisieren:<\/p>\n\n\n\n<p><strong>1.<\/strong> Anschaffung neuer Tornetze und Trainingstore sowie einer zweiten Zuschauerbank [ Kosten: 3.200\u20ac <\/p>\n\n\n\n<p><strong>2.<\/strong> Umstellung der Flutlichtanlage auf LED [ Kosten: 25.300\u20ac <\/p>\n\n\n\n<p><strong>3.<\/strong> \u00dcbernahme des Vereinsbusses im November aus dem Leasingvertrag [ Kosten: 12.500\u20ac <\/p>\n\n\n\n<p>Dieses Dreierpaket, von dem die Positionen 1 und 2 bereits durch erteilte Auftr\u00e4ge eingestielt und zeitnah realisierbar sind,&nbsp; hat ein finanzielles <strong>Gesamtvolumen von 41.300 \u20ac<\/strong>, das in gro\u00dfen Teilen durch bereits bewilligte F\u00f6rdermittel abgedeckt ist.<\/p>\n\n\n\n<p>Allerdings bleibt eine <strong>Restl\u00fccke von 16.000\u20ac<\/strong>, die durch eine Spendenaktion m\u00f6glichst minimiert werden soll.<\/p>\n\n\n\n<p><strong>Aus diesem Grund wird bis Ende des Jahres im Vereinsheim ein Sparschwein aufgestellt, das sich \u00fcber reichlich Futter freuen w\u00fcrde. <\/strong><\/p>\n\n\n\n<p><strong>Gr\u00f6\u00dfere Spenden<\/strong> sollten nicht an das Sparschwein verf\u00fcttert, sondern auf das <strong>Vereinskonto <\/strong>\u00fcberwiesen werden- selbstverst\u00e4ndlich gegen den Erhalt einer Spendenbescheinigung! <\/p>\n\n\n\n<p><strong>Verwendungszweck: sportf\u00f6rdernde Spende f\u00fcr die Sportanlage SV K\u00f6rne 83 e.V.<\/strong><\/p>\n\n\n\n<p>Bankverbindung:<\/p>\n\n\n\n<p>SV K\u00f6rne 83 e.V.<\/p>\n\n\n\n<p>IBAN DE 44441600146336374900<\/p>\n\n\n\n<p>F\u00fcr Nachfragen\/Informationen stehen wir gerne zur Verf\u00fcgung!<\/p>\n\n\n\n<p><strong>Gemeinsam sind wir stark!!!<\/strong><\/p>\n\n\n\n<p>Euer Vorstand<\/p>\n","protected":false},"excerpt":{"rendered":"<p>Liebe Vereinsmitglieder, bevor sich das Jahr 2019 dem Ende neigt, m\u00f6chte der Verein noch 3 Dinge realisieren: 1. Anschaffung neuer Tornetze und Trainingstore sowie einer zweiten Zuschauerbank [ Kosten: 3.200\u20ac [&hellip;]<\/p>\n","protected":false},"author":4,"featured_media":776,"comment_status":"closed","ping_status":"open","sticky":false,"template":"","format":"standard","meta":{"_jetpack_memberships_contains_paid_content":false,"footnotes":""},"categories":[1],"tags":[],"class_list":["post-771","post","type-post","status-publish","format-standard","has-post-thumbnail","hentry","category-allgemein"],"jetpack_sharing_enabled":true,"jetpack_featured_media_url":"https:\/\/sv-koerne83.de\/wordpress\/wp-content\/uploads\/2019\/09\/BD43D305-67C9-4ECE-9367-80CF48785999.jpeg","_links":{"self":[{"href":"https:\/\/sv-koerne83.de\/wordpress\/wp-json\/wp\/v2\/posts\/771","targetHints":{"allow":["GET"]}}],"collection":[{"href":"https:\/\/sv-koerne83.de\/wordpress\/wp-json\/wp\/v2\/posts"}],"about":[{"href":"https:\/\/sv-koerne83.de\/wordpress\/wp-json\/wp\/v2\/types\/post"}],"author":[{"embeddable":true,"href":"https:\/\/sv-koerne83.de\/wordpress\/wp-json\/wp\/v2\/users\/4"}],"replies":[{"embeddable":true,"href":"https:\/\/sv-koerne83.de\/wordpress\/wp-json\/wp\/v2\/comments?post=771"}],"version-history":[{"count":2,"href":"https:\/\/sv-koerne83.de\/wordpress\/wp-json\/wp\/v2\/posts\/771\/revisions"}],"predecessor-version":[{"id":773,"href":"https:\/\/sv-koerne83.de\/wordpress\/wp-json\/wp\/v2\/posts\/771\/revisions\/773"}],"wp:featuredmedia":[{"embeddable":true,"href":"https:\/\/sv-koerne83.de\/wordpress\/wp-json\/wp\/v2\/media\/776"}],"wp:attachment":[{"href":"https:\/\/sv-koerne83.de\/wordpress\/wp-json\/wp\/v2\/media?parent=771"}],"wp:term":[{"taxonomy":"category","embeddable":true,"href":"https:\/\/sv-koerne83.de\/wordpress\/wp-json\/wp\/v2\/categories?post=771"},{"taxonomy":"post_tag","embeddable":true,"href":"https:\/\/sv-koerne83.de\/wordpress\/wp-json\/wp\/v2\/tags?post=771"}],"curies":[{"name":"wp","href":"https:\/\/api.w.org\/{rel}","templated":true}]}}