{"id":780,"date":"2019-09-27T09:18:47","date_gmt":"2019-09-27T07:18:47","guid":{"rendered":"https:\/\/sv-koerne83.de\/wordpress\/?p=780"},"modified":"2019-09-27T09:18:48","modified_gmt":"2019-09-27T07:18:48","slug":"die-naechsten-jugendspiele-stehen-an","status":"publish","type":"post","link":"https:\/\/sv-koerne83.de\/wordpress\/2019\/09\/27\/die-naechsten-jugendspiele-stehen-an\/","title":{"rendered":"Die n\u00e4chsten Jugendspiele stehen an"},"content":{"rendered":"\n<p>Bereits heute steht das n\u00e4chste Spiel einer Jugendmannschaft auf dem Programm. Die F3-Jugend reist zum Kirchh\u00f6rder SC II. Ansto\u00df an der Kobbendelle ist um 17.00 Uhr. <br><\/p>\n\n\n\n<p>Am Samstag empf\u00e4ngt die G-Jugend den FC Brambauer II. Ansto\u00df am Winkelriedweg ist um 10.00 Uhr. Die F1-Jugend spielt gegen den Dorstfelder SC. Ansto\u00df am Bummelberg ist um 11.15 Uhr. Die E1-Jugend tritt beim Ausw\u00e4rtsspiel gegen den SC Husen-Kurl II an. Ansto\u00df an der Husener Eichwaldstra\u00dfe ist um 12.30 Uhr. Die D-Jugend spielt gegen den VfL H\u00f6rde. Ansto\u00df am Winkelriedweg ist um 11.30 Uhr. Die C-Jugend empf\u00e4ngt den H\u00f6rder SC II. Die Partie wird ebenfalls am Winkelriedweg ausgetragen. Ansto\u00df ist um 13.00 Uhr.<\/p>\n","protected":false},"excerpt":{"rendered":"<p>Bereits heute steht das n\u00e4chste Spiel einer Jugendmannschaft auf dem Programm. Die F3-Jugend reist zum Kirchh\u00f6rder SC II. Ansto\u00df an der Kobbendelle ist um 17.00 Uhr. Am Samstag empf\u00e4ngt die [&hellip;]<\/p>\n","protected":false},"author":2,"featured_media":636,"comment_status":"closed","ping_status":"open","sticky":false,"template":"","format":"standard","meta":{"_jetpack_memberships_contains_paid_content":false,"footnotes":""},"categories":[1,35],"tags":[],"class_list":["post-780","post","type-post","status-publish","format-standard","has-post-thumbnail","hentry","category-allgemein","category-jugend"],"jetpack_sharing_enabled":true,"jetpack_featured_media_url":"https:\/\/sv-koerne83.de\/wordpress\/wp-content\/uploads\/2019\/08\/77E993B1-5477-4ACA-911C-6CE379BDCA33.jpeg","_links":{"self":[{"href":"https:\/\/sv-koerne83.de\/wordpress\/wp-json\/wp\/v2\/posts\/780","targetHints":{"allow":["GET"]}}],"collection":[{"href":"https:\/\/sv-koerne83.de\/wordpress\/wp-json\/wp\/v2\/posts"}],"about":[{"href":"https:\/\/sv-koerne83.de\/wordpress\/wp-json\/wp\/v2\/types\/post"}],"author":[{"embeddable":true,"href":"https:\/\/sv-koerne83.de\/wordpress\/wp-json\/wp\/v2\/users\/2"}],"replies":[{"embeddable":true,"href":"https:\/\/sv-koerne83.de\/wordpress\/wp-json\/wp\/v2\/comments?post=780"}],"version-history":[{"count":1,"href":"https:\/\/sv-koerne83.de\/wordpress\/wp-json\/wp\/v2\/posts\/780\/revisions"}],"predecessor-version":[{"id":781,"href":"https:\/\/sv-koerne83.de\/wordpress\/wp-json\/wp\/v2\/posts\/780\/revisions\/781"}],"wp:featuredmedia":[{"embeddable":true,"href":"https:\/\/sv-koerne83.de\/wordpress\/wp-json\/wp\/v2\/media\/636"}],"wp:attachment":[{"href":"https:\/\/sv-koerne83.de\/wordpress\/wp-json\/wp\/v2\/media?parent=780"}],"wp:term":[{"taxonomy":"category","embeddable":true,"href":"https:\/\/sv-koerne83.de\/wordpress\/wp-json\/wp\/v2\/categories?post=780"},{"taxonomy":"post_tag","embeddable":true,"href":"https:\/\/sv-koerne83.de\/wordpress\/wp-json\/wp\/v2\/tags?post=780"}],"curies":[{"name":"wp","href":"https:\/\/api.w.org\/{rel}","templated":true}]}}