{"id":782,"date":"2019-09-27T18:00:26","date_gmt":"2019-09-27T16:00:26","guid":{"rendered":"https:\/\/sv-koerne83.de\/wordpress\/?p=782"},"modified":"2019-09-27T09:32:47","modified_gmt":"2019-09-27T07:32:47","slug":"jugendspiele-am-sonntag","status":"publish","type":"post","link":"https:\/\/sv-koerne83.de\/wordpress\/2019\/09\/27\/jugendspiele-am-sonntag\/","title":{"rendered":"Jugendspiele am Sonntag"},"content":{"rendered":"\n<p>Die B- und die A-Jugend bestreiten am Sonntag ihre n\u00e4chsten Punktspiele. Die B-Jugend empf\u00e4ngt den FC Wellinghofen. Ansto\u00df am Winkelriedweg ist um 11.00 Uhr. <br><\/p>\n\n\n\n<p>Die A-Jugend reist zum TuS Neuasseln II. Ansto\u00df an der Holzwickederstra\u00dfe ist ebenfalls um 11.00 Uhr. <\/p>\n","protected":false},"excerpt":{"rendered":"<p>Die B- und die A-Jugend bestreiten am Sonntag ihre n\u00e4chsten Punktspiele. Die B-Jugend empf\u00e4ngt den FC Wellinghofen. Ansto\u00df am Winkelriedweg ist um 11.00 Uhr. Die A-Jugend reist zum TuS Neuasseln [&hellip;]<\/p>\n","protected":false},"author":2,"featured_media":571,"comment_status":"closed","ping_status":"open","sticky":false,"template":"","format":"standard","meta":{"_jetpack_memberships_contains_paid_content":false,"footnotes":""},"categories":[1,35],"tags":[],"class_list":["post-782","post","type-post","status-publish","format-standard","has-post-thumbnail","hentry","category-allgemein","category-jugend"],"jetpack_sharing_enabled":true,"jetpack_featured_media_url":"https:\/\/sv-koerne83.de\/wordpress\/wp-content\/uploads\/2019\/07\/football-3493024_1920.jpg","_links":{"self":[{"href":"https:\/\/sv-koerne83.de\/wordpress\/wp-json\/wp\/v2\/posts\/782","targetHints":{"allow":["GET"]}}],"collection":[{"href":"https:\/\/sv-koerne83.de\/wordpress\/wp-json\/wp\/v2\/posts"}],"about":[{"href":"https:\/\/sv-koerne83.de\/wordpress\/wp-json\/wp\/v2\/types\/post"}],"author":[{"embeddable":true,"href":"https:\/\/sv-koerne83.de\/wordpress\/wp-json\/wp\/v2\/users\/2"}],"replies":[{"embeddable":true,"href":"https:\/\/sv-koerne83.de\/wordpress\/wp-json\/wp\/v2\/comments?post=782"}],"version-history":[{"count":1,"href":"https:\/\/sv-koerne83.de\/wordpress\/wp-json\/wp\/v2\/posts\/782\/revisions"}],"predecessor-version":[{"id":783,"href":"https:\/\/sv-koerne83.de\/wordpress\/wp-json\/wp\/v2\/posts\/782\/revisions\/783"}],"wp:featuredmedia":[{"embeddable":true,"href":"https:\/\/sv-koerne83.de\/wordpress\/wp-json\/wp\/v2\/media\/571"}],"wp:attachment":[{"href":"https:\/\/sv-koerne83.de\/wordpress\/wp-json\/wp\/v2\/media?parent=782"}],"wp:term":[{"taxonomy":"category","embeddable":true,"href":"https:\/\/sv-koerne83.de\/wordpress\/wp-json\/wp\/v2\/categories?post=782"},{"taxonomy":"post_tag","embeddable":true,"href":"https:\/\/sv-koerne83.de\/wordpress\/wp-json\/wp\/v2\/tags?post=782"}],"curies":[{"name":"wp","href":"https:\/\/api.w.org\/{rel}","templated":true}]}}