{"id":785,"date":"2019-09-28T10:00:08","date_gmt":"2019-09-28T08:00:08","guid":{"rendered":"https:\/\/sv-koerne83.de\/wordpress\/?p=785"},"modified":"2019-09-27T09:44:57","modified_gmt":"2019-09-27T07:44:57","slug":"nur-2-seniorenspiele","status":"publish","type":"post","link":"https:\/\/sv-koerne83.de\/wordpress\/2019\/09\/28\/nur-2-seniorenspiele\/","title":{"rendered":"Nur 2 Seniorenspiele"},"content":{"rendered":"\n<p>An diesem Sonntag finden nur 2 Seniorenspiele statt. Die 1. und 2. Mannschaft k\u00e4mpft in der B-Liga um weitere Punkte, w\u00e4hrend die 3. und 4. Mannschaft spielfrei hat. <br><\/p>\n\n\n\n<p>Die 1. Mannschaft reist zum TV Brechten II. Die Brechtener belegen aktuell den 12. Tabellenplatz und konnten bis jetzt in dieser Saison 2 Siege einfahren. Ansto\u00df am Schiffhorst ist um 13.00 Uhr. <br><\/p>\n\n\n\n<p>Die 2. Mannschaft spielt gegen den FC Wellinghofen. Die Mannschaft aus Wellinghofen belegt aktuell den 7. Tabellenplatz und hat ein Torverh\u00e4ltnis von 23:14 Toren. Mit einem Sieg kann die 2. Mannschaft punktetechnisch gleichziehen. Ansto\u00df am Hopmanns M\u00fchlenweg ist um 15.00 Uhr. <\/p>\n","protected":false},"excerpt":{"rendered":"<p>An diesem Sonntag finden nur 2 Seniorenspiele statt. Die 1. und 2. Mannschaft k\u00e4mpft in der B-Liga um weitere Punkte, w\u00e4hrend die 3. und 4. Mannschaft spielfrei hat. Die 1. [&hellip;]<\/p>\n","protected":false},"author":2,"featured_media":449,"comment_status":"closed","ping_status":"open","sticky":false,"template":"","format":"standard","meta":{"_jetpack_memberships_contains_paid_content":false,"footnotes":""},"categories":[30,31,1],"tags":[],"class_list":["post-785","post","type-post","status-publish","format-standard","has-post-thumbnail","hentry","category-1-mannschaft","category-2-mannschaft","category-allgemein"],"jetpack_sharing_enabled":true,"jetpack_featured_media_url":"https:\/\/sv-koerne83.de\/wordpress\/wp-content\/uploads\/2019\/07\/grass-2616911_1920.jpg","_links":{"self":[{"href":"https:\/\/sv-koerne83.de\/wordpress\/wp-json\/wp\/v2\/posts\/785","targetHints":{"allow":["GET"]}}],"collection":[{"href":"https:\/\/sv-koerne83.de\/wordpress\/wp-json\/wp\/v2\/posts"}],"about":[{"href":"https:\/\/sv-koerne83.de\/wordpress\/wp-json\/wp\/v2\/types\/post"}],"author":[{"embeddable":true,"href":"https:\/\/sv-koerne83.de\/wordpress\/wp-json\/wp\/v2\/users\/2"}],"replies":[{"embeddable":true,"href":"https:\/\/sv-koerne83.de\/wordpress\/wp-json\/wp\/v2\/comments?post=785"}],"version-history":[{"count":2,"href":"https:\/\/sv-koerne83.de\/wordpress\/wp-json\/wp\/v2\/posts\/785\/revisions"}],"predecessor-version":[{"id":787,"href":"https:\/\/sv-koerne83.de\/wordpress\/wp-json\/wp\/v2\/posts\/785\/revisions\/787"}],"wp:featuredmedia":[{"embeddable":true,"href":"https:\/\/sv-koerne83.de\/wordpress\/wp-json\/wp\/v2\/media\/449"}],"wp:attachment":[{"href":"https:\/\/sv-koerne83.de\/wordpress\/wp-json\/wp\/v2\/media?parent=785"}],"wp:term":[{"taxonomy":"category","embeddable":true,"href":"https:\/\/sv-koerne83.de\/wordpress\/wp-json\/wp\/v2\/categories?post=785"},{"taxonomy":"post_tag","embeddable":true,"href":"https:\/\/sv-koerne83.de\/wordpress\/wp-json\/wp\/v2\/tags?post=785"}],"curies":[{"name":"wp","href":"https:\/\/api.w.org\/{rel}","templated":true}]}}