{"id":791,"date":"2019-09-30T09:41:53","date_gmt":"2019-09-30T07:41:53","guid":{"rendered":"https:\/\/sv-koerne83.de\/wordpress\/?p=791"},"modified":"2019-09-30T09:41:54","modified_gmt":"2019-09-30T07:41:54","slug":"auswaertssieg-in-brechten","status":"publish","type":"post","link":"https:\/\/sv-koerne83.de\/wordpress\/2019\/09\/30\/auswaertssieg-in-brechten\/","title":{"rendered":"Ausw\u00e4rtssieg in Brechten"},"content":{"rendered":"\n<p>Die 1. Mannschaft konnte ihr Ausw\u00e4rtsspiel beim TV Brechten II souver\u00e4n mit 8:1 gewinnen. Das 1:0 fiel durch ein Eigentor des Gastgebers. In der 16. und in der 35. Minute erzielte Viktor Pusch mit einem Doppelpack das 2:0 bzw. das 3:0. Nach der Pause konnte sich Marcel Pr\u00fcfel in die Torsch\u00fctzenliste eintragen. In der 65. Minute erh\u00f6hte Tim Exner auf 5:0. Die letzten 15 Minute geh\u00f6rten Tomas Ruscinskas. Er erzielte, unterbrochen von einem Gegentreffer, einen Hattrick und konnte so den 8:1 Endstand sichern.<\/p>\n\n\n\n<p>Die 2. Mannschaft verlor ihr Ausw\u00e4rtsspiel gegen den FC Wellinghofen mit 4:3. In der 12. Minute traf Wellinghofen zum 1:0. Durch einen Strafsto\u00df in der 35. Minute konnte der Gastgeber auf 2:0 erh\u00f6hen. Falco Lieschke verk\u00fcrzte kurz vor der Pause auf 2:1. Wellinghofen schaffte es jedoch in der 45. Minute den alten 2-Tore-Vorsprung wiederherzustellen. In der 2. Halbzeit ging das Spiel erst ab der 90. Minute so richtig los. Andy Woeste erzielte in der 90. Minute das 3:2. In der 93. Minute konnte Wellinghofen wieder auf 4:2 erh\u00f6hen. Falco Lieschke konnte den R\u00fcckstand in der 94. Minute auf 4:3 verringern, zu einem Unentschieden reichte es am Ende aber nicht mehr. <\/p>\n","protected":false},"excerpt":{"rendered":"<p>Die 1. Mannschaft konnte ihr Ausw\u00e4rtsspiel beim TV Brechten II souver\u00e4n mit 8:1 gewinnen. Das 1:0 fiel durch ein Eigentor des Gastgebers. In der 16. und in der 35. Minute [&hellip;]<\/p>\n","protected":false},"author":2,"featured_media":790,"comment_status":"closed","ping_status":"open","sticky":false,"template":"","format":"standard","meta":{"_jetpack_memberships_contains_paid_content":false,"footnotes":""},"categories":[30,31,1],"tags":[],"class_list":["post-791","post","type-post","status-publish","format-standard","has-post-thumbnail","hentry","category-1-mannschaft","category-2-mannschaft","category-allgemein"],"jetpack_sharing_enabled":true,"jetpack_featured_media_url":"https:\/\/sv-koerne83.de\/wordpress\/wp-content\/uploads\/2019\/09\/7D68B0D1-9E64-42B2-B8D3-4418436A0362.jpeg","_links":{"self":[{"href":"https:\/\/sv-koerne83.de\/wordpress\/wp-json\/wp\/v2\/posts\/791","targetHints":{"allow":["GET"]}}],"collection":[{"href":"https:\/\/sv-koerne83.de\/wordpress\/wp-json\/wp\/v2\/posts"}],"about":[{"href":"https:\/\/sv-koerne83.de\/wordpress\/wp-json\/wp\/v2\/types\/post"}],"author":[{"embeddable":true,"href":"https:\/\/sv-koerne83.de\/wordpress\/wp-json\/wp\/v2\/users\/2"}],"replies":[{"embeddable":true,"href":"https:\/\/sv-koerne83.de\/wordpress\/wp-json\/wp\/v2\/comments?post=791"}],"version-history":[{"count":1,"href":"https:\/\/sv-koerne83.de\/wordpress\/wp-json\/wp\/v2\/posts\/791\/revisions"}],"predecessor-version":[{"id":792,"href":"https:\/\/sv-koerne83.de\/wordpress\/wp-json\/wp\/v2\/posts\/791\/revisions\/792"}],"wp:featuredmedia":[{"embeddable":true,"href":"https:\/\/sv-koerne83.de\/wordpress\/wp-json\/wp\/v2\/media\/790"}],"wp:attachment":[{"href":"https:\/\/sv-koerne83.de\/wordpress\/wp-json\/wp\/v2\/media?parent=791"}],"wp:term":[{"taxonomy":"category","embeddable":true,"href":"https:\/\/sv-koerne83.de\/wordpress\/wp-json\/wp\/v2\/categories?post=791"},{"taxonomy":"post_tag","embeddable":true,"href":"https:\/\/sv-koerne83.de\/wordpress\/wp-json\/wp\/v2\/tags?post=791"}],"curies":[{"name":"wp","href":"https:\/\/api.w.org\/{rel}","templated":true}]}}