{"id":869,"date":"2019-10-05T16:25:39","date_gmt":"2019-10-05T14:25:39","guid":{"rendered":"https:\/\/sv-koerne83.de\/wordpress\/?p=869"},"modified":"2019-10-05T16:25:39","modified_gmt":"2019-10-05T14:25:39","slug":"affenkaefig","status":"publish","type":"post","link":"https:\/\/sv-koerne83.de\/wordpress\/2019\/10\/05\/affenkaefig\/","title":{"rendered":"Affenk\u00e4fig"},"content":{"rendered":"\n<p>Vielleicht ist es euch aufgefallen, dass momentan immer h\u00e4ufiger auf den <strong>Affenk\u00e4fig<\/strong> hingewiesen wird. Unter jedem Post, schreiben wir diesen Hashtag. <\/p>\n\n\n\n<p><strong>Warum eigentlich Affenk\u00e4fig? Was soll das?<\/strong> <br>Um zu verstehen, warum der Sportplatz am Winkelriedweg <strong>Affenk\u00e4fig<\/strong> genannt wird, m\u00fcssen wir eine kleine Zeitreise unternehmen. Ende der 1980er Jahre trug der SV K\u00f6rne 83 seine Heimspiele schon auf dem Sportplatz aus. Damals war der Platz kein Kunstrasenplatz, sondern ein Ascheplatz. Zus\u00e4tzlich gab es noch mehrere Z\u00e4une, die den Platz einschlossen. <\/p>\n\n\n\n<p>So gab es auch vor dem heutigen alten Vereinsheim einen 5m hohen Zaun. Somit war fast der komplette Platz eingez\u00e4unt. Im gesamten Dortmunder Stadtgebiet war die Sportst\u00e4tte als <strong>Affenk\u00e4fig<\/strong> bekannt. Immer wieder h\u00f6rte man: &#8222;Heute m\u00fcssen wir im <strong>Affenk\u00e4fig<\/strong> in K\u00f6rne spielen!&#8220;. <\/p>\n\n\n\n<div class=\"wp-block-jetpack-slideshow aligncenter\" data-effect=\"slide\"><div class=\"wp-block-jetpack-slideshow_container swiper-container\"><ul class=\"wp-block-jetpack-slideshow_swiper-wrapper swiper-wrapper\"><li class=\"wp-block-jetpack-slideshow_slide swiper-slide\"><figure><img loading=\"lazy\" decoding=\"async\" width=\"1667\" height=\"625\" alt=\"\" class=\"wp-block-jetpack-slideshow_image wp-image-824\" data-id=\"824\" src=\"https:\/\/sv-koerne83.de\/wordpress\/wp-content\/uploads\/2019\/10\/affenk\u00e4fig_vergleich-1.jpg\" srcset=\"https:\/\/sv-koerne83.de\/wordpress\/wp-content\/uploads\/2019\/10\/affenk\u00e4fig_vergleich-1.jpg 1667w, https:\/\/sv-koerne83.de\/wordpress\/wp-content\/uploads\/2019\/10\/affenk\u00e4fig_vergleich-1-300x112.jpg 300w, https:\/\/sv-koerne83.de\/wordpress\/wp-content\/uploads\/2019\/10\/affenk\u00e4fig_vergleich-1-768x288.jpg 768w, https:\/\/sv-koerne83.de\/wordpress\/wp-content\/uploads\/2019\/10\/affenk\u00e4fig_vergleich-1-1024x384.jpg 1024w, https:\/\/sv-koerne83.de\/wordpress\/wp-content\/uploads\/2019\/10\/affenk\u00e4fig_vergleich-1-128x48.jpg 128w, https:\/\/sv-koerne83.de\/wordpress\/wp-content\/uploads\/2019\/10\/affenk\u00e4fig_vergleich-1-32x12.jpg 32w\" sizes=\"auto, (max-width: 1667px) 100vw, 1667px\" \/><figcaption class=\"wp-block-jetpack-slideshow_caption gallery-caption\">Fangzaun 1980er und heute<\/figcaption><\/figure><\/li><li class=\"wp-block-jetpack-slideshow_slide swiper-slide\"><figure><img loading=\"lazy\" decoding=\"async\" width=\"708\" height=\"477\" alt=\"\" class=\"wp-block-jetpack-slideshow_image wp-image-798\" data-id=\"798\" src=\"https:\/\/sv-koerne83.de\/wordpress\/wp-content\/uploads\/2019\/09\/4A7BB79A-4B81-4AB2-824C-507DDE36D302.jpeg\" srcset=\"https:\/\/sv-koerne83.de\/wordpress\/wp-content\/uploads\/2019\/09\/4A7BB79A-4B81-4AB2-824C-507DDE36D302.jpeg 708w, https:\/\/sv-koerne83.de\/wordpress\/wp-content\/uploads\/2019\/09\/4A7BB79A-4B81-4AB2-824C-507DDE36D302-300x202.jpeg 300w, https:\/\/sv-koerne83.de\/wordpress\/wp-content\/uploads\/2019\/09\/4A7BB79A-4B81-4AB2-824C-507DDE36D302-128x86.jpeg 128w, https:\/\/sv-koerne83.de\/wordpress\/wp-content\/uploads\/2019\/09\/4A7BB79A-4B81-4AB2-824C-507DDE36D302-32x22.jpeg 32w\" sizes=\"auto, (max-width: 708px) 100vw, 708px\" \/><figcaption class=\"wp-block-jetpack-slideshow_caption gallery-caption\">Fangzaun vor dem alten Vereinsheim <\/figcaption><\/figure><\/li><li class=\"wp-block-jetpack-slideshow_slide swiper-slide\"><figure><img loading=\"lazy\" decoding=\"async\" width=\"750\" height=\"521\" alt=\"\" class=\"wp-block-jetpack-slideshow_image wp-image-799\" data-id=\"799\" src=\"https:\/\/sv-koerne83.de\/wordpress\/wp-content\/uploads\/2019\/09\/394A954D-0220-4F18-87A1-AD227BD5DA48.jpeg\" srcset=\"https:\/\/sv-koerne83.de\/wordpress\/wp-content\/uploads\/2019\/09\/394A954D-0220-4F18-87A1-AD227BD5DA48.jpeg 750w, https:\/\/sv-koerne83.de\/wordpress\/wp-content\/uploads\/2019\/09\/394A954D-0220-4F18-87A1-AD227BD5DA48-300x208.jpeg 300w, https:\/\/sv-koerne83.de\/wordpress\/wp-content\/uploads\/2019\/09\/394A954D-0220-4F18-87A1-AD227BD5DA48-128x89.jpeg 128w, https:\/\/sv-koerne83.de\/wordpress\/wp-content\/uploads\/2019\/09\/394A954D-0220-4F18-87A1-AD227BD5DA48-32x22.jpeg 32w\" sizes=\"auto, (max-width: 750px) 100vw, 750px\" \/><figcaption class=\"wp-block-jetpack-slideshow_caption gallery-caption\">Blick in Richtung Ge\u00dflerstra\u00dfe<\/figcaption><\/figure><\/li><li class=\"wp-block-jetpack-slideshow_slide swiper-slide\"><figure><img loading=\"lazy\" decoding=\"async\" width=\"1540\" height=\"1128\" alt=\"\" class=\"wp-block-jetpack-slideshow_image wp-image-803\" data-id=\"803\" src=\"https:\/\/sv-koerne83.de\/wordpress\/wp-content\/uploads\/2019\/09\/7E710C36-0403-4FAC-899E-205F46B938B9.jpeg\" srcset=\"https:\/\/sv-koerne83.de\/wordpress\/wp-content\/uploads\/2019\/09\/7E710C36-0403-4FAC-899E-205F46B938B9.jpeg 1540w, https:\/\/sv-koerne83.de\/wordpress\/wp-content\/uploads\/2019\/09\/7E710C36-0403-4FAC-899E-205F46B938B9-300x220.jpeg 300w, https:\/\/sv-koerne83.de\/wordpress\/wp-content\/uploads\/2019\/09\/7E710C36-0403-4FAC-899E-205F46B938B9-768x563.jpeg 768w, https:\/\/sv-koerne83.de\/wordpress\/wp-content\/uploads\/2019\/09\/7E710C36-0403-4FAC-899E-205F46B938B9-1024x750.jpeg 1024w, https:\/\/sv-koerne83.de\/wordpress\/wp-content\/uploads\/2019\/09\/7E710C36-0403-4FAC-899E-205F46B938B9-128x94.jpeg 128w, https:\/\/sv-koerne83.de\/wordpress\/wp-content\/uploads\/2019\/09\/7E710C36-0403-4FAC-899E-205F46B938B9-32x23.jpeg 32w\" sizes=\"auto, (max-width: 1540px) 100vw, 1540px\" \/><figcaption class=\"wp-block-jetpack-slideshow_caption gallery-caption\">Hinter dem Fangzaun. Damals kein altes Vereinsheim, sondern ein Bauwagen.<\/figcaption><\/figure><\/li><\/ul><a class=\"wp-block-jetpack-slideshow_button-prev swiper-button-prev swiper-button-white\" role=\"button\"><\/a><a class=\"wp-block-jetpack-slideshow_button-next swiper-button-next swiper-button-white\" role=\"button\"><\/a><a aria-label=\"Pause Slideshow\" class=\"wp-block-jetpack-slideshow_button-pause\" role=\"button\"><\/a><div class=\"wp-block-jetpack-slideshow_pagination swiper-pagination swiper-pagination-white\"><\/div><\/div><\/div>\n\n\n\n<p>Um diese alte Tradition wieder aufleben zu lassen und die Festung <strong>Affenk\u00e4fig<\/strong> wieder bekannt zu machen, k\u00f6nnt ihr euch unser Affenk\u00e4fig-Logo herunterladen (siehe unten). Auf der Seite von <a rel=\"noreferrer noopener\" aria-label=\"Spreadshirt (opens in a new tab)\" href=\"https:\/\/www.spreadshirt.de\/\" target=\"_blank\"><em><strong>Spreadshirt<\/strong><\/em><\/a> habt ihr die M\u00f6glichkeit, s\u00e4mtliche Produkte damit bedrucken zu lassen. Dort ist es kinderleicht einen Hoodie, ein T-Shirt oder eine Tasse zu versch\u00f6nern. Eurer Kreativit\u00e4t sind keine Grenzen gesetzt. Eine tolle Sache, welche den Bekanntheitsgrad des Vereins um einiges steigert. <\/p>\n\n\n\n<figure class=\"wp-block-image\"><a href=\"https:\/\/www.spreadshirt.de\/\" target=\"_blank\" rel=\"noreferrer noopener\"><img loading=\"lazy\" decoding=\"async\" width=\"1024\" height=\"364\" src=\"https:\/\/sv-koerne83.de\/wordpress\/wp-content\/uploads\/2019\/10\/muster_affenk\u00e4fig-1-1024x364.jpg\" alt=\"\" class=\"wp-image-834\" srcset=\"https:\/\/sv-koerne83.de\/wordpress\/wp-content\/uploads\/2019\/10\/muster_affenk\u00e4fig-1-1024x364.jpg 1024w, https:\/\/sv-koerne83.de\/wordpress\/wp-content\/uploads\/2019\/10\/muster_affenk\u00e4fig-1-300x107.jpg 300w, https:\/\/sv-koerne83.de\/wordpress\/wp-content\/uploads\/2019\/10\/muster_affenk\u00e4fig-1-768x273.jpg 768w, https:\/\/sv-koerne83.de\/wordpress\/wp-content\/uploads\/2019\/10\/muster_affenk\u00e4fig-1-128x45.jpg 128w, https:\/\/sv-koerne83.de\/wordpress\/wp-content\/uploads\/2019\/10\/muster_affenk\u00e4fig-1-32x11.jpg 32w, https:\/\/sv-koerne83.de\/wordpress\/wp-content\/uploads\/2019\/10\/muster_affenk\u00e4fig-1.jpg 1667w\" sizes=\"auto, (max-width: 1024px) 100vw, 1024px\" \/><\/a><\/figure>\n\n\n\n<p>Wir ihr seht ist die Sportanlage offener und freundlicher geworden. Dennoch lasst uns die Tradition <strong>Affenk\u00e4fig <\/strong>nicht vergessen und unterst\u00fctzt uns in unserem Vorhaben! Lang lebe der <strong>Affenk\u00e4fig<\/strong>! <\/p>\n\n\n\n<hr class=\"wp-block-separator\"\/>\n\n\n\n<h3 class=\"wp-block-heading\"><a href=\"https:\/\/sv-koerne83.de\/wordpress\/affenkaefig-3\/\">Hier geht&#8217;s zum Downloadbereich<\/a><\/h3>\n\n\n\n<hr class=\"wp-block-separator\"\/>\n","protected":false},"excerpt":{"rendered":"<p>Vielleicht ist es euch aufgefallen, dass momentan immer h\u00e4ufiger auf den Affenk\u00e4fig hingewiesen wird. Unter jedem Post, schreiben wir diesen Hashtag. Warum eigentlich Affenk\u00e4fig? Was soll das? Um zu verstehen, [&hellip;]<\/p>\n","protected":false},"author":2,"featured_media":827,"comment_status":"closed","ping_status":"open","sticky":false,"template":"","format":"standard","meta":{"_jetpack_memberships_contains_paid_content":false,"footnotes":""},"categories":[1],"tags":[],"class_list":["post-869","post","type-post","status-publish","format-standard","has-post-thumbnail","hentry","category-allgemein"],"jetpack_sharing_enabled":true,"jetpack_featured_media_url":"https:\/\/sv-koerne83.de\/wordpress\/wp-content\/uploads\/2019\/10\/affenk\u00e4fig_beitrag.jpg","_links":{"self":[{"href":"https:\/\/sv-koerne83.de\/wordpress\/wp-json\/wp\/v2\/posts\/869","targetHints":{"allow":["GET"]}}],"collection":[{"href":"https:\/\/sv-koerne83.de\/wordpress\/wp-json\/wp\/v2\/posts"}],"about":[{"href":"https:\/\/sv-koerne83.de\/wordpress\/wp-json\/wp\/v2\/types\/post"}],"author":[{"embeddable":true,"href":"https:\/\/sv-koerne83.de\/wordpress\/wp-json\/wp\/v2\/users\/2"}],"replies":[{"embeddable":true,"href":"https:\/\/sv-koerne83.de\/wordpress\/wp-json\/wp\/v2\/comments?post=869"}],"version-history":[{"count":7,"href":"https:\/\/sv-koerne83.de\/wordpress\/wp-json\/wp\/v2\/posts\/869\/revisions"}],"predecessor-version":[{"id":885,"href":"https:\/\/sv-koerne83.de\/wordpress\/wp-json\/wp\/v2\/posts\/869\/revisions\/885"}],"wp:featuredmedia":[{"embeddable":true,"href":"https:\/\/sv-koerne83.de\/wordpress\/wp-json\/wp\/v2\/media\/827"}],"wp:attachment":[{"href":"https:\/\/sv-koerne83.de\/wordpress\/wp-json\/wp\/v2\/media?parent=869"}],"wp:term":[{"taxonomy":"category","embeddable":true,"href":"https:\/\/sv-koerne83.de\/wordpress\/wp-json\/wp\/v2\/categories?post=869"},{"taxonomy":"post_tag","embeddable":true,"href":"https:\/\/sv-koerne83.de\/wordpress\/wp-json\/wp\/v2\/tags?post=869"}],"curies":[{"name":"wp","href":"https:\/\/api.w.org\/{rel}","templated":true}]}}