{"id":887,"date":"2019-10-05T09:22:28","date_gmt":"2019-10-05T07:22:28","guid":{"rendered":"https:\/\/sv-koerne83.de\/wordpress\/?p=887"},"modified":"2019-10-05T09:22:29","modified_gmt":"2019-10-05T07:22:29","slug":"b-liga-heimspiele","status":"publish","type":"post","link":"https:\/\/sv-koerne83.de\/wordpress\/2019\/10\/05\/b-liga-heimspiele\/","title":{"rendered":"B-Liga Heimspiele"},"content":{"rendered":"\n<p>Am morgigen Sonntag tragen beide B-Liga Mannschaften ihre Spiele zuhause aus. <\/p>\n\n\n\n<p>Die 1. Mannschaft empf\u00e4ngt Westfalia Wickede II. Die Wickeder stehen aktuell auf dem 14. Tabellenplatz und konnten in der aktuellen Saison erst 3 Punkte holen. Ansto\u00df am Winkelriedweg ist um 15.00 Uhr. <\/p>\n\n\n\n<p>Die 2. Mannschaft spielt gegen TSC Eintracht II. Die Mannschaft vom Trainerduo Gruhn\/Sopar kann mit einem Sieg den Vorsprung auf die Abstiegsr\u00e4nge ausbauen. Der TSC schoss in dieser Saison erst 14 Tore, Torj\u00e4ger Falco Lieschke alleine schon 15. Ansto\u00df am Winkelriedweg ist um 13.00 Uhr.<\/p>\n\n\n\n<p>Die 3. Mannschaft reist zum L\u00fcner SV III. Die L\u00fcner belegen aktuell den 3. Tabellenplatz. Ihr erfolgreichster Torsch\u00fctze ist Furkan Adali mit aktuell 9 Saisontoren. Ansto\u00df am Schwansbeller Weg in L\u00fcnen ist um 13.00 Uhr. <\/p>\n\n\n\n<p>Die 4. Mannschaft tritt beim MSV Dortmund an. Auch der MSV belegt den 3. Tabellenplatz und musste in dieser Saison erst 7 Gegentore hinnehmen. Ansto\u00df im Hoeschpark (Kirchderner Stra\u00dfe) ist um 15.00 Uhr.<\/p>\n","protected":false},"excerpt":{"rendered":"<p>Am morgigen Sonntag tragen beide B-Liga Mannschaften ihre Spiele zuhause aus. Die 1. Mannschaft empf\u00e4ngt Westfalia Wickede II. Die Wickeder stehen aktuell auf dem 14. Tabellenplatz und konnten in der [&hellip;]<\/p>\n","protected":false},"author":2,"featured_media":593,"comment_status":"closed","ping_status":"open","sticky":false,"template":"","format":"standard","meta":{"_jetpack_memberships_contains_paid_content":false,"footnotes":""},"categories":[30,31,32,33,1],"tags":[],"class_list":["post-887","post","type-post","status-publish","format-standard","has-post-thumbnail","hentry","category-1-mannschaft","category-2-mannschaft","category-3-mannschaft","category-4-mannschaft","category-allgemein"],"jetpack_sharing_enabled":true,"jetpack_featured_media_url":"https:\/\/sv-koerne83.de\/wordpress\/wp-content\/uploads\/2019\/08\/2600FD29-C8DA-4D24-94D6-53CC7A0DDFED.jpeg","_links":{"self":[{"href":"https:\/\/sv-koerne83.de\/wordpress\/wp-json\/wp\/v2\/posts\/887","targetHints":{"allow":["GET"]}}],"collection":[{"href":"https:\/\/sv-koerne83.de\/wordpress\/wp-json\/wp\/v2\/posts"}],"about":[{"href":"https:\/\/sv-koerne83.de\/wordpress\/wp-json\/wp\/v2\/types\/post"}],"author":[{"embeddable":true,"href":"https:\/\/sv-koerne83.de\/wordpress\/wp-json\/wp\/v2\/users\/2"}],"replies":[{"embeddable":true,"href":"https:\/\/sv-koerne83.de\/wordpress\/wp-json\/wp\/v2\/comments?post=887"}],"version-history":[{"count":1,"href":"https:\/\/sv-koerne83.de\/wordpress\/wp-json\/wp\/v2\/posts\/887\/revisions"}],"predecessor-version":[{"id":888,"href":"https:\/\/sv-koerne83.de\/wordpress\/wp-json\/wp\/v2\/posts\/887\/revisions\/888"}],"wp:featuredmedia":[{"embeddable":true,"href":"https:\/\/sv-koerne83.de\/wordpress\/wp-json\/wp\/v2\/media\/593"}],"wp:attachment":[{"href":"https:\/\/sv-koerne83.de\/wordpress\/wp-json\/wp\/v2\/media?parent=887"}],"wp:term":[{"taxonomy":"category","embeddable":true,"href":"https:\/\/sv-koerne83.de\/wordpress\/wp-json\/wp\/v2\/categories?post=887"},{"taxonomy":"post_tag","embeddable":true,"href":"https:\/\/sv-koerne83.de\/wordpress\/wp-json\/wp\/v2\/tags?post=887"}],"curies":[{"name":"wp","href":"https:\/\/api.w.org\/{rel}","templated":true}]}}