{"id":892,"date":"2019-10-07T08:57:13","date_gmt":"2019-10-07T06:57:13","guid":{"rendered":"https:\/\/sv-koerne83.de\/wordpress\/?p=892"},"modified":"2019-10-07T08:57:14","modified_gmt":"2019-10-07T06:57:14","slug":"2-mannschaft-mit-wichtigem-sieg","status":"publish","type":"post","link":"https:\/\/sv-koerne83.de\/wordpress\/2019\/10\/07\/2-mannschaft-mit-wichtigem-sieg\/","title":{"rendered":"2. Mannschaft mit wichtigem Sieg"},"content":{"rendered":"\n<p>Die 2. Mannschaft konnte am gestrigen Sonntag einen wichtigen Heimsieg gegen den TSC Eintracht Dortmund II einfahren. Die 1. Mannschaft \u00fcberrollte Westfalia Wickede II. <\/p>\n\n\n\n<p>Die 1. Mannschaft gewann ihr Meisterschaftsspiel gegen Westfalia Wickede II mit 16:0. Die Mannschaft von Trainer Viktor Pusch lie\u00df dem Gegner von Beginn an keine Chance und gr\u00fc\u00dft weiterhin von der Tabellenspitze. Die Tore erzielten Viktor Pusch (4x), Andreas Schulze (3x), Tomas Ruscinskas (3x), Marcel Pr\u00fcfel (2x), Tim Exner (2x), Marc Grabemann (1x) und ein Eigentor durch den Gegner. <\/p>\n\n\n\n<p>Die 2. Mannschaft gewann ihr Heimspiel gegen den TSC Eintracht Dortmund II mit 6:1 und baut somit ihr Polster auf die Abstiegsr\u00e4nge weiter aus. Bereits in der 2. Minute brachte Matthias Br\u00fcseke das Team mit 1:0 in F\u00fchrung. Sebastian Galla und Falco Lieschke konnten noch vor der Pause auf 3:0 erh\u00f6hen. Nach dem Seitenwechsel war es Klemens Albers der das 4:0 erzielte. Nico Starke traf zum 5:0 und Falco Lieschke konnte 3 Minuten sp\u00e4ter das 6:0 erzielen. Die G\u00e4ste trafen in der 79. Minute noch zum 6:1. <\/p>\n\n\n\n<p>Die 3. Mannschaft verlor beim L\u00fcner SV III mit 3:0. In der 8. Minute musste die Mannschaft den 0:1 R\u00fcckstand hinnehmen. Danach gab es in der 1. Halbzeit keine weiteren Tore. Auch in der 2. Halbzeit geschah lange nichts. Erst in der 80. Minute trafen die L\u00fcner zum 2:0. Kurz vor Schluss erzielte Kazim G\u00fclsen den 3:0 Endstand f\u00fcr die Schwansbeller. <\/p>\n\n\n\n<p>Die 4. Mannschaft trennte sich beim MSV Dortmund 2:2 unentschieden. Dennis Pirro brachte die Mannschaft in der 3. Minute mit 1:0 in F\u00fchrung. Der MSV konnte jedoch in der 8. Minute zum 1:1 ausgleichen. In der 16. Minute musste das Team von Sebastian Arnold den 2:1 R\u00fcckstand hinnehmen. In der 57. Minute war es allerdings erneut Dennis Pirro der zum 2:2 ausglich. <\/p>\n","protected":false},"excerpt":{"rendered":"<p>Die 2. Mannschaft konnte am gestrigen Sonntag einen wichtigen Heimsieg gegen den TSC Eintracht Dortmund II einfahren. Die 1. Mannschaft \u00fcberrollte Westfalia Wickede II. Die 1. Mannschaft gewann ihr Meisterschaftsspiel [&hellip;]<\/p>\n","protected":false},"author":2,"featured_media":891,"comment_status":"closed","ping_status":"open","sticky":false,"template":"","format":"standard","meta":{"_jetpack_memberships_contains_paid_content":false,"footnotes":""},"categories":[30,31,32,33,1],"tags":[],"class_list":["post-892","post","type-post","status-publish","format-standard","has-post-thumbnail","hentry","category-1-mannschaft","category-2-mannschaft","category-3-mannschaft","category-4-mannschaft","category-allgemein"],"jetpack_sharing_enabled":true,"jetpack_featured_media_url":"https:\/\/sv-koerne83.de\/wordpress\/wp-content\/uploads\/2019\/10\/7b24e432-470f-47a5-b547-9112eabc20e3.jpg","_links":{"self":[{"href":"https:\/\/sv-koerne83.de\/wordpress\/wp-json\/wp\/v2\/posts\/892","targetHints":{"allow":["GET"]}}],"collection":[{"href":"https:\/\/sv-koerne83.de\/wordpress\/wp-json\/wp\/v2\/posts"}],"about":[{"href":"https:\/\/sv-koerne83.de\/wordpress\/wp-json\/wp\/v2\/types\/post"}],"author":[{"embeddable":true,"href":"https:\/\/sv-koerne83.de\/wordpress\/wp-json\/wp\/v2\/users\/2"}],"replies":[{"embeddable":true,"href":"https:\/\/sv-koerne83.de\/wordpress\/wp-json\/wp\/v2\/comments?post=892"}],"version-history":[{"count":1,"href":"https:\/\/sv-koerne83.de\/wordpress\/wp-json\/wp\/v2\/posts\/892\/revisions"}],"predecessor-version":[{"id":893,"href":"https:\/\/sv-koerne83.de\/wordpress\/wp-json\/wp\/v2\/posts\/892\/revisions\/893"}],"wp:featuredmedia":[{"embeddable":true,"href":"https:\/\/sv-koerne83.de\/wordpress\/wp-json\/wp\/v2\/media\/891"}],"wp:attachment":[{"href":"https:\/\/sv-koerne83.de\/wordpress\/wp-json\/wp\/v2\/media?parent=892"}],"wp:term":[{"taxonomy":"category","embeddable":true,"href":"https:\/\/sv-koerne83.de\/wordpress\/wp-json\/wp\/v2\/categories?post=892"},{"taxonomy":"post_tag","embeddable":true,"href":"https:\/\/sv-koerne83.de\/wordpress\/wp-json\/wp\/v2\/tags?post=892"}],"curies":[{"name":"wp","href":"https:\/\/api.w.org\/{rel}","templated":true}]}}