{"id":912,"date":"2019-10-15T16:39:58","date_gmt":"2019-10-15T14:39:58","guid":{"rendered":"https:\/\/sv-koerne83.de\/wordpress\/?p=912"},"modified":"2019-10-15T17:03:33","modified_gmt":"2019-10-15T15:03:33","slug":"tagesausflug-der-g-jugend-zum-gut-boeckeluehr","status":"publish","type":"post","link":"https:\/\/sv-koerne83.de\/wordpress\/2019\/10\/15\/tagesausflug-der-g-jugend-zum-gut-boeckeluehr\/","title":{"rendered":"Tagesausflug der G-Jugend zum &#8222;Gut B\u00f6ckel\u00fchr&#8220;!"},"content":{"rendered":"\n<p>Auf zum &#8222;Gut B\u00f6ckel\u00fchr&#8220; (https:\/\/www.gut-b\u00f6ckel\u00fchr.de) hie\u00df es f\u00fcr die <strong>G-Jugend <\/strong>des SV K\u00f6rne.<br> <br> Unter der Leitung des Betreuers <strong>Ralf Schwarz <\/strong>konnten die Kinder einen Tag auf dem Ponyhof verbringen und &#8222;den ersten Kontakt auf dem R\u00fccken der Ponys erleben&#8220;, so die Ank\u00fcndigung auf der Homepage des Veranstalters.<br> <br> <strong>Barbara Nowak <\/strong>vom K\u00f6rner Eis Caf\u00e9\u00a0 <strong>&#8222;San Remo&#8220;<\/strong>, K\u00f6rner Hellweg 69,\u00a0 steuerte f\u00fcr den Ausflug eine gr\u00f6\u00dfere Summe bei und vers\u00fc\u00dfte zudem den Kids den Start ins Abenteuer mit einem Eis. <strong>DANKE!<\/strong><br> <br> Um den Ausflug f\u00fcr die Nachwuchskicker zu einem kostenlosen Erlebnis zu machen, griff der 1.Vorsitzende <strong>Eddy Hoffmann <\/strong>in die Spendierhose des Vereins und beglich den restlichen Geldbetrag. Auch daf\u00fcr sagt die G-Jugend <strong>DANKE!\u00a0<\/strong> <br> <br> Nach dem Pony Erlebnis, der erfolgreichen Bew\u00e4ltigung der Spielplatzger\u00e4te und viel Spa\u00df bei verschiedenen Spielen wurde zum Ausklang gegrillt, so dass man die R\u00fcckfahrt zufrieden und ges\u00e4ttigt im Vereinsbus und den Autos der begleitenden Eltern (<strong>DANKE <\/strong>f\u00fcr das Engagement!) antreten konnte.<\/p>\n\n\n\n<p><\/p>\n\n\n\n<p><\/p>\n\n\n\n<p><\/p>\n","protected":false},"excerpt":{"rendered":"<p>Auf zum &#8222;Gut B\u00f6ckel\u00fchr&#8220; (https:\/\/www.gut-b\u00f6ckel\u00fchr.de) hie\u00df es f\u00fcr die G-Jugend des SV K\u00f6rne. Unter der Leitung des Betreuers Ralf Schwarz konnten die Kinder einen Tag auf dem Ponyhof verbringen und [&hellip;]<\/p>\n","protected":false},"author":4,"featured_media":913,"comment_status":"closed","ping_status":"open","sticky":false,"template":"","format":"standard","meta":{"_jetpack_memberships_contains_paid_content":false,"footnotes":""},"categories":[1],"tags":[],"class_list":["post-912","post","type-post","status-publish","format-standard","has-post-thumbnail","hentry","category-allgemein"],"jetpack_sharing_enabled":true,"jetpack_featured_media_url":"https:\/\/sv-koerne83.de\/wordpress\/wp-content\/uploads\/2019\/10\/sv_Koerne83_guerler.jpg","_links":{"self":[{"href":"https:\/\/sv-koerne83.de\/wordpress\/wp-json\/wp\/v2\/posts\/912","targetHints":{"allow":["GET"]}}],"collection":[{"href":"https:\/\/sv-koerne83.de\/wordpress\/wp-json\/wp\/v2\/posts"}],"about":[{"href":"https:\/\/sv-koerne83.de\/wordpress\/wp-json\/wp\/v2\/types\/post"}],"author":[{"embeddable":true,"href":"https:\/\/sv-koerne83.de\/wordpress\/wp-json\/wp\/v2\/users\/4"}],"replies":[{"embeddable":true,"href":"https:\/\/sv-koerne83.de\/wordpress\/wp-json\/wp\/v2\/comments?post=912"}],"version-history":[{"count":4,"href":"https:\/\/sv-koerne83.de\/wordpress\/wp-json\/wp\/v2\/posts\/912\/revisions"}],"predecessor-version":[{"id":917,"href":"https:\/\/sv-koerne83.de\/wordpress\/wp-json\/wp\/v2\/posts\/912\/revisions\/917"}],"wp:featuredmedia":[{"embeddable":true,"href":"https:\/\/sv-koerne83.de\/wordpress\/wp-json\/wp\/v2\/media\/913"}],"wp:attachment":[{"href":"https:\/\/sv-koerne83.de\/wordpress\/wp-json\/wp\/v2\/media?parent=912"}],"wp:term":[{"taxonomy":"category","embeddable":true,"href":"https:\/\/sv-koerne83.de\/wordpress\/wp-json\/wp\/v2\/categories?post=912"},{"taxonomy":"post_tag","embeddable":true,"href":"https:\/\/sv-koerne83.de\/wordpress\/wp-json\/wp\/v2\/tags?post=912"}],"curies":[{"name":"wp","href":"https:\/\/api.w.org\/{rel}","templated":true}]}}