{"id":937,"date":"2019-10-17T08:45:51","date_gmt":"2019-10-17T06:45:51","guid":{"rendered":"https:\/\/sv-koerne83.de\/wordpress\/?p=937"},"modified":"2019-10-17T08:45:51","modified_gmt":"2019-10-17T06:45:51","slug":"was-bedeutet-heimat","status":"publish","type":"post","link":"https:\/\/sv-koerne83.de\/wordpress\/2019\/10\/17\/was-bedeutet-heimat\/","title":{"rendered":"Was bedeutet Heimat?"},"content":{"rendered":"\n<p>Heimat ist ein Ort an den man immer wieder gerne zur\u00fcckkommt. Ein Ort an dem man sich geborgen und gl\u00fccklich f\u00fchlt. <\/p>\n\n\n\n<p>\u00c4hnlich ist es auch bei Marco Reus. Begonnen hat seine Fu\u00dfballerkarriere zwar beim Post SV Dortmund, jedoch war der Verein in den 1990er Jahren auch am Winkelriedweg ans\u00e4ssig. Zur damaligen Zeit teilten sich der SV K\u00f6rne 83 und der Post SV Dortmund den Ascheplatz an der Hohwartschule. Ob ein Junge nun K\u00f6rner oder Postler wurde, war abh\u00e4ngig von dem jeweiligen Wochentag an dem er zum Platz kam. Kam er an einem Dienstag oder Donnerstag wurde er K\u00f6rner. Kam er an einem Mittwoch oder Freitag wurde er Postler. <\/p>\n\n\n\n<p>Marco kam wohl an einem der letzteren Tage und so machte er seine ersten fu\u00dfballerischen Schritte als schwarz-gelber Postler. Dennoch verbindet er mit dem Sportplatz am Winkelriedweg sch\u00f6ne Erinnerungen und f\u00fchlt sich auf diesem Platz geborgen. Es ist eben seine Heimat.<\/p>\n\n\n\n<p>Marco&#8217;s Sichtweise auf seine Heimat k\u00f6nnt ihr euch in dem Youtube-Video anschauen.<\/p>\n\n\n\n<figure class=\"wp-block-embed-youtube wp-block-embed is-type-video is-provider-youtube wp-embed-aspect-16-9 wp-has-aspect-ratio\"><div class=\"wp-block-embed__wrapper\">\n<iframe loading=\"lazy\" hcb-fetch-image-from=\"https:\/\/www.youtube.com\/watch?v=n3n_T9JJ6lA\" title=\"BVB TV - Die Sparda-Bank bewegt: Marco Reus\" width=\"620\" height=\"349\" src=\"https:\/\/www.youtube.com\/embed\/n3n_T9JJ6lA?feature=oembed\" frameborder=\"0\" allow=\"accelerometer; autoplay; clipboard-write; encrypted-media; gyroscope; picture-in-picture; web-share\" referrerpolicy=\"strict-origin-when-cross-origin\" allowfullscreen><\/iframe>\n<\/div><\/figure>\n","protected":false},"excerpt":{"rendered":"<p>Heimat ist ein Ort an den man immer wieder gerne zur\u00fcckkommt. Ein Ort an dem man sich geborgen und gl\u00fccklich f\u00fchlt. \u00c4hnlich ist es auch bei Marco Reus. Begonnen hat [&hellip;]<\/p>\n","protected":false},"author":2,"featured_media":801,"comment_status":"closed","ping_status":"open","sticky":false,"template":"","format":"standard","meta":{"_jetpack_memberships_contains_paid_content":false,"footnotes":""},"categories":[1],"tags":[],"class_list":["post-937","post","type-post","status-publish","format-standard","has-post-thumbnail","hentry","category-allgemein"],"jetpack_sharing_enabled":true,"jetpack_featured_media_url":"https:\/\/sv-koerne83.de\/wordpress\/wp-content\/uploads\/2019\/09\/40EF167E-5F59-4276-9371-5420B506C952.jpeg","_links":{"self":[{"href":"https:\/\/sv-koerne83.de\/wordpress\/wp-json\/wp\/v2\/posts\/937","targetHints":{"allow":["GET"]}}],"collection":[{"href":"https:\/\/sv-koerne83.de\/wordpress\/wp-json\/wp\/v2\/posts"}],"about":[{"href":"https:\/\/sv-koerne83.de\/wordpress\/wp-json\/wp\/v2\/types\/post"}],"author":[{"embeddable":true,"href":"https:\/\/sv-koerne83.de\/wordpress\/wp-json\/wp\/v2\/users\/2"}],"replies":[{"embeddable":true,"href":"https:\/\/sv-koerne83.de\/wordpress\/wp-json\/wp\/v2\/comments?post=937"}],"version-history":[{"count":4,"href":"https:\/\/sv-koerne83.de\/wordpress\/wp-json\/wp\/v2\/posts\/937\/revisions"}],"predecessor-version":[{"id":941,"href":"https:\/\/sv-koerne83.de\/wordpress\/wp-json\/wp\/v2\/posts\/937\/revisions\/941"}],"wp:featuredmedia":[{"embeddable":true,"href":"https:\/\/sv-koerne83.de\/wordpress\/wp-json\/wp\/v2\/media\/801"}],"wp:attachment":[{"href":"https:\/\/sv-koerne83.de\/wordpress\/wp-json\/wp\/v2\/media?parent=937"}],"wp:term":[{"taxonomy":"category","embeddable":true,"href":"https:\/\/sv-koerne83.de\/wordpress\/wp-json\/wp\/v2\/categories?post=937"},{"taxonomy":"post_tag","embeddable":true,"href":"https:\/\/sv-koerne83.de\/wordpress\/wp-json\/wp\/v2\/tags?post=937"}],"curies":[{"name":"wp","href":"https:\/\/api.w.org\/{rel}","templated":true}]}}