{"id":946,"date":"2019-10-19T06:46:15","date_gmt":"2019-10-19T04:46:15","guid":{"rendered":"https:\/\/sv-koerne83.de\/wordpress\/?p=946"},"modified":"2019-10-19T06:46:15","modified_gmt":"2019-10-19T04:46:15","slug":"berghofen-im-affenkaefig","status":"publish","type":"post","link":"https:\/\/sv-koerne83.de\/wordpress\/2019\/10\/19\/berghofen-im-affenkaefig\/","title":{"rendered":"Berghofen im Affenk\u00e4fig"},"content":{"rendered":"\n<p>Am Sonntag sind die Berghofer zu Gast im Affenk\u00e4fig. Die 1. und 2. Mannschaft empfangen den Verein aus dem Dortmunder S\u00fcden. <\/p>\n\n\n\n<p>Die 1. Mannschaft spielt gegen die 1. Mannschaft vom SV Berghofen. Nach dem Unentschieden in der letzten Woche ben\u00f6tigt die Mannschaft einen Sieg, um weiterhin an der Tabellenspitze zu bleiben. Ansto\u00df am Winkelriedweg ist um 15.00 Uhr. <\/p>\n\n\n\n<p>Die 2. Mannschaft empf\u00e4ngt die 2. Mannschaft vom SVB. Es ist ein Duell der Tabellennachbarn, wobei die K\u00f6rner die weitaus bessere Offensive aufweisen. Ansto\u00df am Winkelriedweg ist um 13.00 Uhr. <\/p>\n\n\n\n<p>Die 3. Mannschaft reist zum SuS H\u00f6rde II. Die Mannschaft vom Schallacker wartet mit ihrem Trainer Michael Roetche auf den ersten Saisonsieg. Die 3. Mannschaft hat hier die M\u00f6glichkeit ihre Negativserie zu beenden. Ansto\u00df auf dem Ascheplatz am Schallacker ist um 13.00 Uhr. <\/p>\n\n\n\n<p>Die 4. Mannschaft spielt gegen Teutonia Lanstrop. Die Lanstroper liegen aktuell auf dem 12. Tabellenplatz und haben 7 Punkte auf ihrem Konto. Ansto\u00df an der B\u00fcttnerstra\u00dfe ist um 15.00 Uhr. <\/p>\n","protected":false},"excerpt":{"rendered":"<p>Am Sonntag sind die Berghofer zu Gast im Affenk\u00e4fig. Die 1. und 2. Mannschaft empfangen den Verein aus dem Dortmunder S\u00fcden. Die 1. Mannschaft spielt gegen die 1. Mannschaft vom [&hellip;]<\/p>\n","protected":false},"author":2,"featured_media":943,"comment_status":"closed","ping_status":"open","sticky":false,"template":"","format":"standard","meta":{"_jetpack_memberships_contains_paid_content":false,"footnotes":""},"categories":[30,31,32,33,1],"tags":[],"class_list":["post-946","post","type-post","status-publish","format-standard","has-post-thumbnail","hentry","category-1-mannschaft","category-2-mannschaft","category-3-mannschaft","category-4-mannschaft","category-allgemein"],"jetpack_sharing_enabled":true,"jetpack_featured_media_url":"https:\/\/sv-koerne83.de\/wordpress\/wp-content\/uploads\/2019\/10\/svk-svb.jpg","_links":{"self":[{"href":"https:\/\/sv-koerne83.de\/wordpress\/wp-json\/wp\/v2\/posts\/946","targetHints":{"allow":["GET"]}}],"collection":[{"href":"https:\/\/sv-koerne83.de\/wordpress\/wp-json\/wp\/v2\/posts"}],"about":[{"href":"https:\/\/sv-koerne83.de\/wordpress\/wp-json\/wp\/v2\/types\/post"}],"author":[{"embeddable":true,"href":"https:\/\/sv-koerne83.de\/wordpress\/wp-json\/wp\/v2\/users\/2"}],"replies":[{"embeddable":true,"href":"https:\/\/sv-koerne83.de\/wordpress\/wp-json\/wp\/v2\/comments?post=946"}],"version-history":[{"count":4,"href":"https:\/\/sv-koerne83.de\/wordpress\/wp-json\/wp\/v2\/posts\/946\/revisions"}],"predecessor-version":[{"id":956,"href":"https:\/\/sv-koerne83.de\/wordpress\/wp-json\/wp\/v2\/posts\/946\/revisions\/956"}],"wp:featuredmedia":[{"embeddable":true,"href":"https:\/\/sv-koerne83.de\/wordpress\/wp-json\/wp\/v2\/media\/943"}],"wp:attachment":[{"href":"https:\/\/sv-koerne83.de\/wordpress\/wp-json\/wp\/v2\/media?parent=946"}],"wp:term":[{"taxonomy":"category","embeddable":true,"href":"https:\/\/sv-koerne83.de\/wordpress\/wp-json\/wp\/v2\/categories?post=946"},{"taxonomy":"post_tag","embeddable":true,"href":"https:\/\/sv-koerne83.de\/wordpress\/wp-json\/wp\/v2\/tags?post=946"}],"curies":[{"name":"wp","href":"https:\/\/api.w.org\/{rel}","templated":true}]}}