{"id":958,"date":"2019-10-21T12:48:06","date_gmt":"2019-10-21T10:48:06","guid":{"rendered":"https:\/\/sv-koerne83.de\/wordpress\/?p=958"},"modified":"2019-10-21T12:53:37","modified_gmt":"2019-10-21T10:53:37","slug":"1-mannschaft-siegt-gegen-berghofen","status":"publish","type":"post","link":"https:\/\/sv-koerne83.de\/wordpress\/2019\/10\/21\/1-mannschaft-siegt-gegen-berghofen\/","title":{"rendered":"1. Mannschaft siegt gegen Berghofen"},"content":{"rendered":"\n<p>Die 1. Mannschaft konnte am gestrigen Sonntag einen wichtigen 7:3 Heimerfolg gegen den SV Berghofen einfahren. Das Spiel startete recht ausgeglichen und es gab Chancen auf beiden Seiten. In der 27. Minute traf Tomas Rucinskas zum 1:0. Kurz vor der Halbzeit konnte Tim Exner auf 2:0 erh\u00f6hen. Nach der Pause konnte die 1. Mannschaft das Ergebnis auf 3:0 aufstocken. Fabian Klingeberg traf ins eigene Tor. Die G\u00e4ste aus Berghofen konnten durch Justin Nordberg auf 3:1 verk\u00fcrzen, jedoch traf erneut Tomas Rucinskas zum 4:1. Danach verlor die 1. Mannschaft v\u00f6llig den Zugriff auf das Spiel und die Berghofer reduzierten den K\u00f6rner Vorsprung auf 4:3. Tomas Rucinskas konnte jedoch mit weiteren 3 Treffern den 7:3 Endstand herstellen. Mit diesem Ergebnis bleibt die 1. Mannschaft weiterhin ungeschlagen Tabellenf\u00fchrer. <\/p>\n\n\n\n<p>Die 2. Mannschaft verlor ihr Heimspiel gegen die Zweitvertretung vom SV Berghofen mit 4:2. Fabian Wangerowski brachte die 2. Mannschaft in der 7. Minute mit 1:0 in F\u00fchrung. Den Ausgleich der G\u00e4ste konnte Lars Woestmann kurz vor der Pause egalisieren und traf zur 2:1 Halbzeitf\u00fchrung. Die Aufholjagd der G\u00e4ste begann mit dem Treffer von Christian Klepke. Er traf zum 2:2. Petar Tutek traf f\u00fcr die Berghofer zur 3:2 F\u00fchrung. Kurz vor Schluss erh\u00f6hte der Gast noch auf 4:2. <\/p>\n\n\n\n<p>Die 3. Mannschaft kam beim SuS H\u00f6rde II nicht \u00fcber ein 3:3 Unentschieden hinaus. In der 6. Minute musste die Mannschaft den 0:1 R\u00fcckstand hinnehmen. Dustin Werner konnte jedoch in der 14. Minute den 1:1 Ausgleichstreffer erzielen. Die H\u00f6rder trafen in der 1. Halbzeit noch 2 Mal und so ging die 3. Mannschaft mit einem 1:3 R\u00fcckstand in der Halbzeitpause. Nach der Pause verk\u00fcrzte Suzan Hamo auf 2:3. In der 90. Minute war es dann Ufuk Serdar der den 3:3 Ausgleich erzielte. <\/p>\n\n\n\n<p>Die 4. Mannschaft konnte ihr Ausw\u00e4rtsspiel bei Teutonia Lanstrop mit 4:3 gewinnen. Den 1:0 R\u00fcckstand glich Niklas Pullmann aus. Gerrit Weber traf f\u00fcr die K\u00f6rner zur 2:1 F\u00fchrung. Sebastian Arnold erh\u00f6hte auf 3:1. Der Gastgeber verk\u00fcrzte noch vor der Pause auf 2:3. Nach dem Seitenwechsel konnten die Lanstroper das Spiel ausgleichen und trafen zum 3:3. In der 89. Minute war es dann erneut Niklas Pullmann der den 4:3 Siegtreffer erzielte. <\/p>\n","protected":false},"excerpt":{"rendered":"<p>Die 1. Mannschaft konnte am gestrigen Sonntag einen wichtigen 7:3 Heimerfolg gegen den SV Berghofen einfahren. Das Spiel startete recht ausgeglichen und es gab Chancen auf beiden Seiten. In der [&hellip;]<\/p>\n","protected":false},"author":2,"featured_media":957,"comment_status":"closed","ping_status":"open","sticky":false,"template":"","format":"standard","meta":{"_jetpack_memberships_contains_paid_content":false,"footnotes":""},"categories":[30,31,32,33,1],"tags":[],"class_list":["post-958","post","type-post","status-publish","format-standard","has-post-thumbnail","hentry","category-1-mannschaft","category-2-mannschaft","category-3-mannschaft","category-4-mannschaft","category-allgemein"],"jetpack_sharing_enabled":true,"jetpack_featured_media_url":"https:\/\/sv-koerne83.de\/wordpress\/wp-content\/uploads\/2019\/10\/8a7e1f4d-9972-415c-b3ec-b163560148dc.jpg","_links":{"self":[{"href":"https:\/\/sv-koerne83.de\/wordpress\/wp-json\/wp\/v2\/posts\/958","targetHints":{"allow":["GET"]}}],"collection":[{"href":"https:\/\/sv-koerne83.de\/wordpress\/wp-json\/wp\/v2\/posts"}],"about":[{"href":"https:\/\/sv-koerne83.de\/wordpress\/wp-json\/wp\/v2\/types\/post"}],"author":[{"embeddable":true,"href":"https:\/\/sv-koerne83.de\/wordpress\/wp-json\/wp\/v2\/users\/2"}],"replies":[{"embeddable":true,"href":"https:\/\/sv-koerne83.de\/wordpress\/wp-json\/wp\/v2\/comments?post=958"}],"version-history":[{"count":1,"href":"https:\/\/sv-koerne83.de\/wordpress\/wp-json\/wp\/v2\/posts\/958\/revisions"}],"predecessor-version":[{"id":959,"href":"https:\/\/sv-koerne83.de\/wordpress\/wp-json\/wp\/v2\/posts\/958\/revisions\/959"}],"wp:featuredmedia":[{"embeddable":true,"href":"https:\/\/sv-koerne83.de\/wordpress\/wp-json\/wp\/v2\/media\/957"}],"wp:attachment":[{"href":"https:\/\/sv-koerne83.de\/wordpress\/wp-json\/wp\/v2\/media?parent=958"}],"wp:term":[{"taxonomy":"category","embeddable":true,"href":"https:\/\/sv-koerne83.de\/wordpress\/wp-json\/wp\/v2\/categories?post=958"},{"taxonomy":"post_tag","embeddable":true,"href":"https:\/\/sv-koerne83.de\/wordpress\/wp-json\/wp\/v2\/tags?post=958"}],"curies":[{"name":"wp","href":"https:\/\/api.w.org\/{rel}","templated":true}]}}