{"id":964,"date":"2019-10-26T08:26:02","date_gmt":"2019-10-26T06:26:02","guid":{"rendered":"https:\/\/sv-koerne83.de\/wordpress\/?p=964"},"modified":"2019-10-26T08:26:03","modified_gmt":"2019-10-26T06:26:03","slug":"2-mannschaft-reist-nach-bosna","status":"publish","type":"post","link":"https:\/\/sv-koerne83.de\/wordpress\/2019\/10\/26\/2-mannschaft-reist-nach-bosna\/","title":{"rendered":"2. Mannschaft reist nach Bosna"},"content":{"rendered":"\n<p>Am morgigen Sonntag spielen die 1. und die 2. Mannschaft ausw\u00e4rts. Die 3. und 4. Mannschaft tragen ihre Spiele im Affenk\u00e4fig aus. <\/p>\n\n\n\n<p>Die 1. Mannschaft spielt gegen den Hombrucher SV II. Mit weiteren 3 Punkten bleibt die Mannschaft an der Tabellenspitze. Ansto\u00df an der Deutsch-Luxemburger-Stra\u00dfe ist um 13.00 Uhr.<\/p>\n\n\n\n<p>Die 2. Mannschaft reist ins Kreuzviertel und spielt dort gegen Sarajevo Bosna. Die Mannschaft von der Diedenhofener Stra\u00dfe belegt aktuell den 2. Tabellenplatz. Ansto\u00df ist um 15.00 Uhr.<\/p>\n\n\n\n<p>Die 3. Mannschaft empf\u00e4ngt die Sportfreunde S\u00f6lderholz III. Mit einem Sieg kann die Mannschaft wieder in die TOP 10 aufsteigen. Ansto\u00df am Winkelriedweg ist um 15.00 Uhr.<\/p>\n\n\n\n<p>Die 4. Mannschaft spielt gegen SF Brackel 61 III. Mit einem Sieg kann man die Sportfreunde vom Brauks hinter sich lassen. Ansto\u00df am Winkelriedweg ist um 13.00 Uhr. <\/p>\n","protected":false},"excerpt":{"rendered":"<p>Am morgigen Sonntag spielen die 1. und die 2. Mannschaft ausw\u00e4rts. Die 3. und 4. Mannschaft tragen ihre Spiele im Affenk\u00e4fig aus. Die 1. Mannschaft spielt gegen den Hombrucher SV [&hellip;]<\/p>\n","protected":false},"author":2,"featured_media":776,"comment_status":"closed","ping_status":"open","sticky":false,"template":"","format":"standard","meta":{"_jetpack_memberships_contains_paid_content":false,"footnotes":""},"categories":[30,31,32,33,1],"tags":[],"class_list":["post-964","post","type-post","status-publish","format-standard","has-post-thumbnail","hentry","category-1-mannschaft","category-2-mannschaft","category-3-mannschaft","category-4-mannschaft","category-allgemein"],"jetpack_sharing_enabled":true,"jetpack_featured_media_url":"https:\/\/sv-koerne83.de\/wordpress\/wp-content\/uploads\/2019\/09\/BD43D305-67C9-4ECE-9367-80CF48785999.jpeg","_links":{"self":[{"href":"https:\/\/sv-koerne83.de\/wordpress\/wp-json\/wp\/v2\/posts\/964","targetHints":{"allow":["GET"]}}],"collection":[{"href":"https:\/\/sv-koerne83.de\/wordpress\/wp-json\/wp\/v2\/posts"}],"about":[{"href":"https:\/\/sv-koerne83.de\/wordpress\/wp-json\/wp\/v2\/types\/post"}],"author":[{"embeddable":true,"href":"https:\/\/sv-koerne83.de\/wordpress\/wp-json\/wp\/v2\/users\/2"}],"replies":[{"embeddable":true,"href":"https:\/\/sv-koerne83.de\/wordpress\/wp-json\/wp\/v2\/comments?post=964"}],"version-history":[{"count":1,"href":"https:\/\/sv-koerne83.de\/wordpress\/wp-json\/wp\/v2\/posts\/964\/revisions"}],"predecessor-version":[{"id":965,"href":"https:\/\/sv-koerne83.de\/wordpress\/wp-json\/wp\/v2\/posts\/964\/revisions\/965"}],"wp:featuredmedia":[{"embeddable":true,"href":"https:\/\/sv-koerne83.de\/wordpress\/wp-json\/wp\/v2\/media\/776"}],"wp:attachment":[{"href":"https:\/\/sv-koerne83.de\/wordpress\/wp-json\/wp\/v2\/media?parent=964"}],"wp:term":[{"taxonomy":"category","embeddable":true,"href":"https:\/\/sv-koerne83.de\/wordpress\/wp-json\/wp\/v2\/categories?post=964"},{"taxonomy":"post_tag","embeddable":true,"href":"https:\/\/sv-koerne83.de\/wordpress\/wp-json\/wp\/v2\/tags?post=964"}],"curies":[{"name":"wp","href":"https:\/\/api.w.org\/{rel}","templated":true}]}}