{"id":981,"date":"2019-11-01T19:40:38","date_gmt":"2019-11-01T18:40:38","guid":{"rendered":"https:\/\/sv-koerne83.de\/wordpress\/?p=981"},"modified":"2019-11-01T19:40:39","modified_gmt":"2019-11-01T18:40:39","slug":"jugendspiele-am-wochenende","status":"publish","type":"post","link":"https:\/\/sv-koerne83.de\/wordpress\/2019\/11\/01\/jugendspiele-am-wochenende\/","title":{"rendered":"Jugendspiele am Wochenende"},"content":{"rendered":"\n<p>An diesem Wochenende finden wieder Jugendspiele statt. Am Samstag empf\u00e4ngt die G-Jugend die Mannschaft von GW Kley. Ansto\u00df am Winkelriedweg ist um 10.00 Uhr. Ebenfalls um 10.00 Uhr spielt die F1-Jugend zuhause gegen RW Barop. Die F2-Jugend reist zum L\u00fcner SV II. Ansto\u00df am Schwansbeller Weg in L\u00fcnen ist um 10.00 Uhr. Die E1-Jugend trifft auf den ASC 09 Dortmund III. Ansto\u00df im Waldstadion ist um 11.00 Uhr. Die E2-Jugend empf\u00e4ngt den VfR S\u00f6lde IV. Ansto\u00df am Winkelriedweg ist um 11.15 Uhr. Die D-Jugend spielt gegen den TuS Holzen-Sommerberg. Ansto\u00df an der Heinrich-Pieper-Stra\u00dfe ist um 14.30 Uhr. Die C-Jugend trifft auf dem SC Husen Kurl. Ansto\u00df an der Husener Eichwaldstra\u00dfe ist um 13.00 Uhr.<\/p>\n\n\n\n<p>Die B-Jugend reist am Sonntag zum Kirchh\u00f6rder SC III. Ansto\u00df an der Kobbendelle ist um 9.15 Uhr. Die A-Jugend empf\u00e4ngt BW Alstedde II. Ansto\u00df am Winkelriedweg ist um 10.30 Uhr. <\/p>\n","protected":false},"excerpt":{"rendered":"<p>An diesem Wochenende finden wieder Jugendspiele statt. Am Samstag empf\u00e4ngt die G-Jugend die Mannschaft von GW Kley. Ansto\u00df am Winkelriedweg ist um 10.00 Uhr. Ebenfalls um 10.00 Uhr spielt die [&hellip;]<\/p>\n","protected":false},"author":2,"featured_media":880,"comment_status":"closed","ping_status":"open","sticky":false,"template":"","format":"standard","meta":{"_jetpack_memberships_contains_paid_content":false,"footnotes":""},"categories":[1,35],"tags":[],"class_list":["post-981","post","type-post","status-publish","format-standard","has-post-thumbnail","hentry","category-allgemein","category-jugend"],"jetpack_sharing_enabled":true,"jetpack_featured_media_url":"https:\/\/sv-koerne83.de\/wordpress\/wp-content\/uploads\/2019\/10\/jugendspieltag.jpg","_links":{"self":[{"href":"https:\/\/sv-koerne83.de\/wordpress\/wp-json\/wp\/v2\/posts\/981","targetHints":{"allow":["GET"]}}],"collection":[{"href":"https:\/\/sv-koerne83.de\/wordpress\/wp-json\/wp\/v2\/posts"}],"about":[{"href":"https:\/\/sv-koerne83.de\/wordpress\/wp-json\/wp\/v2\/types\/post"}],"author":[{"embeddable":true,"href":"https:\/\/sv-koerne83.de\/wordpress\/wp-json\/wp\/v2\/users\/2"}],"replies":[{"embeddable":true,"href":"https:\/\/sv-koerne83.de\/wordpress\/wp-json\/wp\/v2\/comments?post=981"}],"version-history":[{"count":1,"href":"https:\/\/sv-koerne83.de\/wordpress\/wp-json\/wp\/v2\/posts\/981\/revisions"}],"predecessor-version":[{"id":982,"href":"https:\/\/sv-koerne83.de\/wordpress\/wp-json\/wp\/v2\/posts\/981\/revisions\/982"}],"wp:featuredmedia":[{"embeddable":true,"href":"https:\/\/sv-koerne83.de\/wordpress\/wp-json\/wp\/v2\/media\/880"}],"wp:attachment":[{"href":"https:\/\/sv-koerne83.de\/wordpress\/wp-json\/wp\/v2\/media?parent=981"}],"wp:term":[{"taxonomy":"category","embeddable":true,"href":"https:\/\/sv-koerne83.de\/wordpress\/wp-json\/wp\/v2\/categories?post=981"},{"taxonomy":"post_tag","embeddable":true,"href":"https:\/\/sv-koerne83.de\/wordpress\/wp-json\/wp\/v2\/tags?post=981"}],"curies":[{"name":"wp","href":"https:\/\/api.w.org\/{rel}","templated":true}]}}