{"id":987,"date":"2019-11-03T09:09:02","date_gmt":"2019-11-03T08:09:02","guid":{"rendered":"https:\/\/sv-koerne83.de\/wordpress\/?p=987"},"modified":"2019-11-03T09:09:03","modified_gmt":"2019-11-03T08:09:03","slug":"d-jugend-bleibt-tabellenfuehrer","status":"publish","type":"post","link":"https:\/\/sv-koerne83.de\/wordpress\/2019\/11\/03\/d-jugend-bleibt-tabellenfuehrer\/","title":{"rendered":"D-Jugend bleibt Tabellenf\u00fchrer"},"content":{"rendered":"\n<p>Die D-Jugend konnte am gestrigen Samstag durch einen 8:2 Ausw\u00e4rtserfolg beim TuS Holzen-Sommerberg die Tabellenf\u00fchrung verteidigen.<\/p>\n\n\n\n<p>Die C-Jugend verlor ihr Gastspiel beim SC Husen Kurl mit 6:1. Dennoch belegt die Mannschaft in der Kreisliga B einen gesicherten Platz im Tabellenmittelfeld.<\/p>\n\n\n\n<p>Die E1-Jugend trennte sich gegen den ASC 09 Dortmund III 4:4 unentschieden. Im n\u00e4chsten Spiel empf\u00e4ngt das Team den H\u00f6rder SC III.<\/p>\n\n\n\n<p>Die E2-Jugend gewann ihr Heimspiel gegen den VfR S\u00f6lde IV mit 4:1. Im n\u00e4chsten Spiel reist die Mannschaft zum SV Westrich. <\/p>\n","protected":false},"excerpt":{"rendered":"<p>Die D-Jugend konnte am gestrigen Samstag durch einen 8:2 Ausw\u00e4rtserfolg beim TuS Holzen-Sommerberg die Tabellenf\u00fchrung verteidigen. Die C-Jugend verlor ihr Gastspiel beim SC Husen Kurl mit 6:1. Dennoch belegt die [&hellip;]<\/p>\n","protected":false},"author":2,"featured_media":986,"comment_status":"closed","ping_status":"open","sticky":false,"template":"","format":"standard","meta":{"_jetpack_memberships_contains_paid_content":false,"footnotes":""},"categories":[1,35],"tags":[],"class_list":["post-987","post","type-post","status-publish","format-standard","has-post-thumbnail","hentry","category-allgemein","category-jugend"],"jetpack_sharing_enabled":true,"jetpack_featured_media_url":"https:\/\/sv-koerne83.de\/wordpress\/wp-content\/uploads\/2019\/11\/ec6d57b0-bfe1-4024-9e97-0493aa78deb2.jpg","_links":{"self":[{"href":"https:\/\/sv-koerne83.de\/wordpress\/wp-json\/wp\/v2\/posts\/987","targetHints":{"allow":["GET"]}}],"collection":[{"href":"https:\/\/sv-koerne83.de\/wordpress\/wp-json\/wp\/v2\/posts"}],"about":[{"href":"https:\/\/sv-koerne83.de\/wordpress\/wp-json\/wp\/v2\/types\/post"}],"author":[{"embeddable":true,"href":"https:\/\/sv-koerne83.de\/wordpress\/wp-json\/wp\/v2\/users\/2"}],"replies":[{"embeddable":true,"href":"https:\/\/sv-koerne83.de\/wordpress\/wp-json\/wp\/v2\/comments?post=987"}],"version-history":[{"count":1,"href":"https:\/\/sv-koerne83.de\/wordpress\/wp-json\/wp\/v2\/posts\/987\/revisions"}],"predecessor-version":[{"id":988,"href":"https:\/\/sv-koerne83.de\/wordpress\/wp-json\/wp\/v2\/posts\/987\/revisions\/988"}],"wp:featuredmedia":[{"embeddable":true,"href":"https:\/\/sv-koerne83.de\/wordpress\/wp-json\/wp\/v2\/media\/986"}],"wp:attachment":[{"href":"https:\/\/sv-koerne83.de\/wordpress\/wp-json\/wp\/v2\/media?parent=987"}],"wp:term":[{"taxonomy":"category","embeddable":true,"href":"https:\/\/sv-koerne83.de\/wordpress\/wp-json\/wp\/v2\/categories?post=987"},{"taxonomy":"post_tag","embeddable":true,"href":"https:\/\/sv-koerne83.de\/wordpress\/wp-json\/wp\/v2\/tags?post=987"}],"curies":[{"name":"wp","href":"https:\/\/api.w.org\/{rel}","templated":true}]}}