{"id":990,"date":"2019-11-04T10:22:33","date_gmt":"2019-11-04T09:22:33","guid":{"rendered":"https:\/\/sv-koerne83.de\/wordpress\/?p=990"},"modified":"2019-11-04T10:22:34","modified_gmt":"2019-11-04T09:22:34","slug":"1-mannschaft-bleibt-ligaprimus","status":"publish","type":"post","link":"https:\/\/sv-koerne83.de\/wordpress\/2019\/11\/04\/1-mannschaft-bleibt-ligaprimus\/","title":{"rendered":"1. Mannschaft bleibt Ligaprimus"},"content":{"rendered":"\n<p>Die 1. Mannschaft konnte am gestrigen Sonntag einen klaren 8:0 Ausw\u00e4rtserfolg bei Viktoria Kirchderne II einfahren. Bereits in der 1. Halbzeit f\u00fchrte das Team durch Tore von Tomas Rucinskas, Viktor Pusch, Robin Porps, Marc Grabemann und Marcel J\u00fcrgens mit 5:0. In der zweiten Halbzeit konnte sich Tomas Rucinskas mit weiteren 2 Treffern in die Torsch\u00fctzenliste eintragen. Zum 8:0 Endstand traf Michael Salinus. <\/p>\n\n\n\n<p>Die 2. Mannschaft verlor ein wichtiges Duell gegen Urania L\u00fctgendortmund II mit 4:2. Bereits in der 3. Minute musste die Mannschaft den 0:1 R\u00fcckstand hinnehmen. Fabian Wangerowski konnte in der 11. Minute ausgleichen. Falco Lieschke brachte das Team mit 2:1 in F\u00fchrung. Die Gastgeber aus dem Dortmunder Westen konnten jedoch noch vor der Halbzeit ausgleichen. Im zweiten Durchgang mussten die K\u00f6rner noch weitere 2 Gegentreffer hinnehmen. <\/p>\n\n\n\n<p>Die 3. Mannschaft gewann ihr Heimspiel gegen Viktoria Kirchderne IV mit 4:2. Suzan Hamo war mit 3 Treffern ma\u00dfgeblich an diesem Erfolg beteiligt. Dustin Werner konnte sich zus\u00e4tzlich in die Torsch\u00fctzenliste eintragen. <\/p>\n\n\n\n<p>Die 4. Mannschaft gewann gegen SuS Derne III mit 6:1. Simon Flo\u00df traf zweimal. Ansonsten konnten sich Niklas Pullmann, Gerrit Weber, Dennis Pirro und Luis Freyhoff in die Torsch\u00fctzenliste eintragen.<\/p>\n","protected":false},"excerpt":{"rendered":"<p>Die 1. Mannschaft konnte am gestrigen Sonntag einen klaren 8:0 Ausw\u00e4rtserfolg bei Viktoria Kirchderne II einfahren. Bereits in der 1. Halbzeit f\u00fchrte das Team durch Tore von Tomas Rucinskas, Viktor [&hellip;]<\/p>\n","protected":false},"author":2,"featured_media":989,"comment_status":"closed","ping_status":"open","sticky":false,"template":"","format":"standard","meta":{"_jetpack_memberships_contains_paid_content":false,"footnotes":""},"categories":[30,31,32,33,1],"tags":[],"class_list":["post-990","post","type-post","status-publish","format-standard","has-post-thumbnail","hentry","category-1-mannschaft","category-2-mannschaft","category-3-mannschaft","category-4-mannschaft","category-allgemein"],"jetpack_sharing_enabled":true,"jetpack_featured_media_url":"https:\/\/sv-koerne83.de\/wordpress\/wp-content\/uploads\/2019\/11\/img_0725.jpg","_links":{"self":[{"href":"https:\/\/sv-koerne83.de\/wordpress\/wp-json\/wp\/v2\/posts\/990","targetHints":{"allow":["GET"]}}],"collection":[{"href":"https:\/\/sv-koerne83.de\/wordpress\/wp-json\/wp\/v2\/posts"}],"about":[{"href":"https:\/\/sv-koerne83.de\/wordpress\/wp-json\/wp\/v2\/types\/post"}],"author":[{"embeddable":true,"href":"https:\/\/sv-koerne83.de\/wordpress\/wp-json\/wp\/v2\/users\/2"}],"replies":[{"embeddable":true,"href":"https:\/\/sv-koerne83.de\/wordpress\/wp-json\/wp\/v2\/comments?post=990"}],"version-history":[{"count":1,"href":"https:\/\/sv-koerne83.de\/wordpress\/wp-json\/wp\/v2\/posts\/990\/revisions"}],"predecessor-version":[{"id":991,"href":"https:\/\/sv-koerne83.de\/wordpress\/wp-json\/wp\/v2\/posts\/990\/revisions\/991"}],"wp:featuredmedia":[{"embeddable":true,"href":"https:\/\/sv-koerne83.de\/wordpress\/wp-json\/wp\/v2\/media\/989"}],"wp:attachment":[{"href":"https:\/\/sv-koerne83.de\/wordpress\/wp-json\/wp\/v2\/media?parent=990"}],"wp:term":[{"taxonomy":"category","embeddable":true,"href":"https:\/\/sv-koerne83.de\/wordpress\/wp-json\/wp\/v2\/categories?post=990"},{"taxonomy":"post_tag","embeddable":true,"href":"https:\/\/sv-koerne83.de\/wordpress\/wp-json\/wp\/v2\/tags?post=990"}],"curies":[{"name":"wp","href":"https:\/\/api.w.org\/{rel}","templated":true}]}}