{"id":993,"date":"2019-11-08T09:00:38","date_gmt":"2019-11-08T08:00:38","guid":{"rendered":"https:\/\/sv-koerne83.de\/wordpress\/?p=993"},"modified":"2019-11-06T08:26:44","modified_gmt":"2019-11-06T07:26:44","slug":"jugendspiele","status":"publish","type":"post","link":"https:\/\/sv-koerne83.de\/wordpress\/2019\/11\/08\/jugendspiele\/","title":{"rendered":"Jugendspiele"},"content":{"rendered":"\n<p>An diesem Wochenende stehen f\u00fcr unsere Jugendmannschaften wieder Meisterschaftsspiele auf dem Programm. Am Samstag beginnen die ganz jungen Kicker aus der G-Jugend. Sie spielen beim VfB L\u00fcnen. Ansto\u00df am Karl-Kiehm-Weg in L\u00fcnen ist um 10.00 Uhr. Die F1-Jugend reist zur DJK Saxonia. Ansto\u00df im Hoeschpark (Kirchderner Stra\u00dfe) ist um 13.00 Uhr. Die F3-Jugend spielt gegen Eving Selimiye Spor. Ansto\u00df an der Gr\u00e4vingholzstra\u00dfe ist um 11.00 Uhr. Die E1-Jugend empf\u00e4ngt den H\u00f6rder SC III. Ansto\u00df ist ebenfalls um 11.00 Uhr, jedoch findet das Spiel am heimischen Winkelriedweg statt. Die E2-Jugend trifft auf den SV Westrich. An der Hangeneystra\u00dfe wird die Partie um 12.00 Uhr angepfiffen.<\/p>\n\n\n\n<p>Am Sonntag empf\u00e4ngt die B-Jugend den BV L\u00fcnen. Ansto\u00df am Winkelriedweg ist um 10.30 Uhr.<\/p>\n","protected":false},"excerpt":{"rendered":"<p>An diesem Wochenende stehen f\u00fcr unsere Jugendmannschaften wieder Meisterschaftsspiele auf dem Programm. Am Samstag beginnen die ganz jungen Kicker aus der G-Jugend. Sie spielen beim VfB L\u00fcnen. Ansto\u00df am Karl-Kiehm-Weg [&hellip;]<\/p>\n","protected":false},"author":2,"featured_media":880,"comment_status":"closed","ping_status":"open","sticky":false,"template":"","format":"standard","meta":{"_jetpack_memberships_contains_paid_content":false,"footnotes":""},"categories":[1,35],"tags":[],"class_list":["post-993","post","type-post","status-publish","format-standard","has-post-thumbnail","hentry","category-allgemein","category-jugend"],"jetpack_sharing_enabled":true,"jetpack_featured_media_url":"https:\/\/sv-koerne83.de\/wordpress\/wp-content\/uploads\/2019\/10\/jugendspieltag.jpg","_links":{"self":[{"href":"https:\/\/sv-koerne83.de\/wordpress\/wp-json\/wp\/v2\/posts\/993","targetHints":{"allow":["GET"]}}],"collection":[{"href":"https:\/\/sv-koerne83.de\/wordpress\/wp-json\/wp\/v2\/posts"}],"about":[{"href":"https:\/\/sv-koerne83.de\/wordpress\/wp-json\/wp\/v2\/types\/post"}],"author":[{"embeddable":true,"href":"https:\/\/sv-koerne83.de\/wordpress\/wp-json\/wp\/v2\/users\/2"}],"replies":[{"embeddable":true,"href":"https:\/\/sv-koerne83.de\/wordpress\/wp-json\/wp\/v2\/comments?post=993"}],"version-history":[{"count":1,"href":"https:\/\/sv-koerne83.de\/wordpress\/wp-json\/wp\/v2\/posts\/993\/revisions"}],"predecessor-version":[{"id":994,"href":"https:\/\/sv-koerne83.de\/wordpress\/wp-json\/wp\/v2\/posts\/993\/revisions\/994"}],"wp:featuredmedia":[{"embeddable":true,"href":"https:\/\/sv-koerne83.de\/wordpress\/wp-json\/wp\/v2\/media\/880"}],"wp:attachment":[{"href":"https:\/\/sv-koerne83.de\/wordpress\/wp-json\/wp\/v2\/media?parent=993"}],"wp:term":[{"taxonomy":"category","embeddable":true,"href":"https:\/\/sv-koerne83.de\/wordpress\/wp-json\/wp\/v2\/categories?post=993"},{"taxonomy":"post_tag","embeddable":true,"href":"https:\/\/sv-koerne83.de\/wordpress\/wp-json\/wp\/v2\/tags?post=993"}],"curies":[{"name":"wp","href":"https:\/\/api.w.org\/{rel}","templated":true}]}}